{"id":1516,"date":"2014-08-19T21:38:11","date_gmt":"2014-08-19T19:38:11","guid":{"rendered":"http:\/\/evabm.se\/photo\/?p=1516"},"modified":"2022-07-14T23:27:26","modified_gmt":"2022-07-14T21:27:26","slug":"efit-198-en-vanlig-vardag","status":"publish","type":"post","link":"https:\/\/evabm.se\/photo\/2014\/08\/19\/efit-198-en-vanlig-vardag\/","title":{"rendered":"EFIT 19\/8: En vanlig vardag"},"content":{"rendered":"\n<p style=\"text-align: justify;\">Tiden g\u00e5r fort och det \u00e4r redan dags f\u00f6r augusti m\u00e5nads andra <strong>Ett Foto I Timmen<\/strong> (<a href=\"http:\/\/ettfotoitimmen.se\/\" target=\"_blank\">EFIT<\/a>) &#8211; ett fotoprojekt som tar en bild i timmen p\u00e5 en f\u00f6rutbest\u00e4md dag. Idag \u00e4r det en helt vanlig vardag med arbete 6.30 till 16 d\u00e5 fotof\u00f6rbud r\u00e5der. H\u00e5ll till godo med de andra timmarna!<\/p>\n<!-- index.php -->\n<div\n\tclass=\"ngg-galleryoverview ngg-ajax-pagination-none\"\n\tid=\"ngg-gallery-9b54bee61b981dc883974261c7053396-1\">\n\n    \t\t<!-- Thumbnails -->\n\t\t\t\t<div id=\"ngg-image-0\" class=\"ngg-gallery-thumbnail-box\" >\n\t\t\t\t        <div class=\"ngg-gallery-thumbnail\">\n            <a href=\"https:\/\/evabm.se\/photo\/wp-content\/gallery\/efit-2014-08-19\/2014-08-19-04.40.24.jpg\"\n               title=\"Kl 04:40 | God morgon!\"\n               data-src=\"https:\/\/evabm.se\/photo\/wp-content\/gallery\/efit-2014-08-19\/2014-08-19-04.40.24.jpg\"\n               data-thumbnail=\"https:\/\/evabm.se\/photo\/wp-content\/gallery\/efit-2014-08-19\/thumbs\/thumbs_2014-08-19-04.40.24.jpg\"\n               data-image-id=\"517\"\n               data-title=\"2014-08-19-04.40.24\"\n               data-description=\"Kl 04:40 | God morgon!\"\n               data-image-slug=\"2014-08-19-04-40-24-2\"\n               class=\"shutterset_9b54bee61b981dc883974261c7053396\">\n                <img\n                    title=\"2014-08-19-04.40.24\"\n                    alt=\"2014-08-19-04.40.24\"\n                    src=\"https:\/\/evabm.se\/photo\/wp-content\/gallery\/efit-2014-08-19\/thumbs\/thumbs_2014-08-19-04.40.24.jpg\"\n                    width=\"100\"\n                    height=\"75\"\n                    style=\"max-width:100%;\"\n                \/>\n            <\/a>\n        <\/div>\n\t\t\t\t\t\t\t<\/div> \n\t\t\t\n        \n\t\t\t\t<div id=\"ngg-image-1\" class=\"ngg-gallery-thumbnail-box\" >\n\t\t\t\t        <div class=\"ngg-gallery-thumbnail\">\n            <a href=\"https:\/\/evabm.se\/photo\/wp-content\/gallery\/efit-2014-08-19\/2014-08-19-05.29.20.jpg\"\n               title=\"Kl 05:29 | Packar ner matl\u00e5dan och frukostmackorna.\"\n               data-src=\"https:\/\/evabm.se\/photo\/wp-content\/gallery\/efit-2014-08-19\/2014-08-19-05.29.20.jpg\"\n               data-thumbnail=\"https:\/\/evabm.se\/photo\/wp-content\/gallery\/efit-2014-08-19\/thumbs\/thumbs_2014-08-19-05.29.20.jpg\"\n               data-image-id=\"518\"\n               data-title=\"2014-08-19-05.29.20\"\n               data-description=\"Kl 05:29 | Packar ner matl\u00e5dan och frukostmackorna.\"\n               data-image-slug=\"2014-08-19-05-29-20-2\"\n               class=\"shutterset_9b54bee61b981dc883974261c7053396\">\n                <img\n                    title=\"2014-08-19-05.29.20\"\n                    alt=\"2014-08-19-05.29.20\"\n                    src=\"https:\/\/evabm.se\/photo\/wp-content\/gallery\/efit-2014-08-19\/thumbs\/thumbs_2014-08-19-05.29.20.jpg\"\n                    width=\"100\"\n                    height=\"75\"\n                    style=\"max-width:100%;\"\n                \/>\n            <\/a>\n        <\/div>\n\t\t\t\t\t\t\t<\/div> \n\t\t\t\n        \n\t\t\t\t<div id=\"ngg-image-2\" class=\"ngg-gallery-thumbnail-box\" >\n\t\t\t\t        <div class=\"ngg-gallery-thumbnail\">\n            <a href=\"https:\/\/evabm.se\/photo\/wp-content\/gallery\/efit-2014-08-19\/2014-08-19-06.16.48.jpg\"\n               title=\"Kl 06:16 | P\u00e5 v\u00e4g till jobbet.\"\n               data-src=\"https:\/\/evabm.se\/photo\/wp-content\/gallery\/efit-2014-08-19\/2014-08-19-06.16.48.jpg\"\n               data-thumbnail=\"https:\/\/evabm.se\/photo\/wp-content\/gallery\/efit-2014-08-19\/thumbs\/thumbs_2014-08-19-06.16.48.jpg\"\n               data-image-id=\"519\"\n               data-title=\"2014-08-19-06.16.48\"\n               data-description=\"Kl 06:16 | P\u00e5 v\u00e4g till jobbet.\"\n               data-image-slug=\"2014-08-19-06-16-48-2\"\n               class=\"shutterset_9b54bee61b981dc883974261c7053396\">\n                <img\n                    title=\"2014-08-19-06.16.48\"\n                    alt=\"2014-08-19-06.16.48\"\n                    src=\"https:\/\/evabm.se\/photo\/wp-content\/gallery\/efit-2014-08-19\/thumbs\/thumbs_2014-08-19-06.16.48.jpg\"\n                    width=\"100\"\n                    height=\"75\"\n                    style=\"max-width:100%;\"\n                \/>\n            <\/a>\n        <\/div>\n\t\t\t\t\t\t\t<\/div> \n\t\t\t\n        \n\t\t\t\t<div id=\"ngg-image-3\" class=\"ngg-gallery-thumbnail-box\" >\n\t\t\t\t        <div class=\"ngg-gallery-thumbnail\">\n            <a href=\"https:\/\/evabm.se\/photo\/wp-content\/gallery\/efit-2014-08-19\/2014-08-19-16.10.48.jpg\"\n               title=\"Kl 16:10 | P\u00e5 v\u00e4g till bussh\u00e5llplatsen och d\u00e4r kommer bussen! Vilken timing...\"\n               data-src=\"https:\/\/evabm.se\/photo\/wp-content\/gallery\/efit-2014-08-19\/2014-08-19-16.10.48.jpg\"\n               data-thumbnail=\"https:\/\/evabm.se\/photo\/wp-content\/gallery\/efit-2014-08-19\/thumbs\/thumbs_2014-08-19-16.10.48.jpg\"\n               data-image-id=\"520\"\n               data-title=\"2014-08-19-16.10.48\"\n               data-description=\"Kl 16:10 | P\u00e5 v\u00e4g till bussh\u00e5llplatsen och d\u00e4r kommer bussen! Vilken timing...\"\n               data-image-slug=\"2014-08-19-16-10-48-2\"\n               class=\"shutterset_9b54bee61b981dc883974261c7053396\">\n                <img\n                    title=\"2014-08-19-16.10.48\"\n                    alt=\"2014-08-19-16.10.48\"\n                    src=\"https:\/\/evabm.se\/photo\/wp-content\/gallery\/efit-2014-08-19\/thumbs\/thumbs_2014-08-19-16.10.48.jpg\"\n                    width=\"100\"\n                    height=\"75\"\n                    style=\"max-width:100%;\"\n                \/>\n            <\/a>\n        <\/div>\n\t\t\t\t\t\t\t<\/div> \n\t\t\t\n        \n\t\t\t\t<div id=\"ngg-image-4\" class=\"ngg-gallery-thumbnail-box\" >\n\t\t\t\t        <div class=\"ngg-gallery-thumbnail\">\n            <a href=\"https:\/\/evabm.se\/photo\/wp-content\/gallery\/efit-2014-08-19\/2014-08-19-17.48.36.jpg\"\n               title=\"Kl 17:48 | Dags att fixa matl\u00e5dor.\"\n               data-src=\"https:\/\/evabm.se\/photo\/wp-content\/gallery\/efit-2014-08-19\/2014-08-19-17.48.36.jpg\"\n               data-thumbnail=\"https:\/\/evabm.se\/photo\/wp-content\/gallery\/efit-2014-08-19\/thumbs\/thumbs_2014-08-19-17.48.36.jpg\"\n               data-image-id=\"521\"\n               data-title=\"2014-08-19-17.48.36\"\n               data-description=\"Kl 17:48 | Dags att fixa matl\u00e5dor.\"\n               data-image-slug=\"2014-08-19-17-48-36-2\"\n               class=\"shutterset_9b54bee61b981dc883974261c7053396\">\n                <img\n                    title=\"2014-08-19-17.48.36\"\n                    alt=\"2014-08-19-17.48.36\"\n                    src=\"https:\/\/evabm.se\/photo\/wp-content\/gallery\/efit-2014-08-19\/thumbs\/thumbs_2014-08-19-17.48.36.jpg\"\n                    width=\"100\"\n                    height=\"75\"\n                    style=\"max-width:100%;\"\n                \/>\n            <\/a>\n        <\/div>\n\t\t\t\t\t\t\t<\/div> \n\t\t\t\n        \n\t\t\t\t<div id=\"ngg-image-5\" class=\"ngg-gallery-thumbnail-box\" >\n\t\t\t\t        <div class=\"ngg-gallery-thumbnail\">\n            <a href=\"https:\/\/evabm.se\/photo\/wp-content\/gallery\/efit-2014-08-19\/2014-08-19-18.14.24.jpg\"\n               title=\"Kl 18:14 | Har skivat upp kasslern som nu ska stekas medan potatisen kokar.\"\n               data-src=\"https:\/\/evabm.se\/photo\/wp-content\/gallery\/efit-2014-08-19\/2014-08-19-18.14.24.jpg\"\n               data-thumbnail=\"https:\/\/evabm.se\/photo\/wp-content\/gallery\/efit-2014-08-19\/thumbs\/thumbs_2014-08-19-18.14.24.jpg\"\n               data-image-id=\"522\"\n               data-title=\"2014-08-19-18.14.24\"\n               data-description=\"Kl 18:14 | Har skivat upp kasslern som nu ska stekas medan potatisen kokar.\"\n               data-image-slug=\"2014-08-19-18-14-24-2\"\n               class=\"shutterset_9b54bee61b981dc883974261c7053396\">\n                <img\n                    title=\"2014-08-19-18.14.24\"\n                    alt=\"2014-08-19-18.14.24\"\n                    src=\"https:\/\/evabm.se\/photo\/wp-content\/gallery\/efit-2014-08-19\/thumbs\/thumbs_2014-08-19-18.14.24.jpg\"\n                    width=\"100\"\n                    height=\"75\"\n                    style=\"max-width:100%;\"\n                \/>\n            <\/a>\n        <\/div>\n\t\t\t\t\t\t\t<\/div> \n\t\t\t\n        \n\t\t\t\t<div id=\"ngg-image-6\" class=\"ngg-gallery-thumbnail-box\" >\n\t\t\t\t        <div class=\"ngg-gallery-thumbnail\">\n            <a href=\"https:\/\/evabm.se\/photo\/wp-content\/gallery\/efit-2014-08-19\/2014-08-19-19.11.41.jpg\"\n               title=\"Kl 19:19 | N\u00e4r jag inte gick p\u00e5 Corepasset i morse s\u00e5 f\u00e5r jag fixa ett h\u00e4r hemma.\"\n               data-src=\"https:\/\/evabm.se\/photo\/wp-content\/gallery\/efit-2014-08-19\/2014-08-19-19.11.41.jpg\"\n               data-thumbnail=\"https:\/\/evabm.se\/photo\/wp-content\/gallery\/efit-2014-08-19\/thumbs\/thumbs_2014-08-19-19.11.41.jpg\"\n               data-image-id=\"523\"\n               data-title=\"2014-08-19-19.11.41\"\n               data-description=\"Kl 19:19 | N\u00e4r jag inte gick p\u00e5 Corepasset i morse s\u00e5 f\u00e5r jag fixa ett h\u00e4r hemma.\"\n               data-image-slug=\"2014-08-19-19-11-41-2\"\n               class=\"shutterset_9b54bee61b981dc883974261c7053396\">\n                <img\n                    title=\"2014-08-19-19.11.41\"\n                    alt=\"2014-08-19-19.11.41\"\n                    src=\"https:\/\/evabm.se\/photo\/wp-content\/gallery\/efit-2014-08-19\/thumbs\/thumbs_2014-08-19-19.11.41.jpg\"\n                    width=\"100\"\n                    height=\"75\"\n                    style=\"max-width:100%;\"\n                \/>\n            <\/a>\n        <\/div>\n\t\t\t\t\t\t\t<\/div> \n\t\t\t\n        \n\t\t\t\t<div id=\"ngg-image-7\" class=\"ngg-gallery-thumbnail-box\" >\n\t\t\t\t        <div class=\"ngg-gallery-thumbnail\">\n            <a href=\"https:\/\/evabm.se\/photo\/wp-content\/gallery\/efit-2014-08-19\/2014-08-19-20.24.02.jpg\"\n               title=\"Kl 20:24 | En sk\u00f6n dusch!\"\n               data-src=\"https:\/\/evabm.se\/photo\/wp-content\/gallery\/efit-2014-08-19\/2014-08-19-20.24.02.jpg\"\n               data-thumbnail=\"https:\/\/evabm.se\/photo\/wp-content\/gallery\/efit-2014-08-19\/thumbs\/thumbs_2014-08-19-20.24.02.jpg\"\n               data-image-id=\"524\"\n               data-title=\"2014-08-19-20.24.02\"\n               data-description=\"Kl 20:24 | En sk\u00f6n dusch!\"\n               data-image-slug=\"2014-08-19-20-24-02-2\"\n               class=\"shutterset_9b54bee61b981dc883974261c7053396\">\n                <img\n                    title=\"2014-08-19-20.24.02\"\n                    alt=\"2014-08-19-20.24.02\"\n                    src=\"https:\/\/evabm.se\/photo\/wp-content\/gallery\/efit-2014-08-19\/thumbs\/thumbs_2014-08-19-20.24.02.jpg\"\n                    width=\"100\"\n                    height=\"75\"\n                    style=\"max-width:100%;\"\n                \/>\n            <\/a>\n        <\/div>\n\t\t\t\t\t\t\t<\/div> \n\t\t\t\n        \n\t\t\t\t<div id=\"ngg-image-8\" class=\"ngg-gallery-thumbnail-box\" >\n\t\t\t\t        <div class=\"ngg-gallery-thumbnail\">\n            <a href=\"https:\/\/evabm.se\/photo\/wp-content\/gallery\/efit-2014-08-19\/2014-08-19-21.09.34.jpg\"\n               title=\"Kl 21:09 | Tr\u00e4ningskl\u00e4derna \u00e4r tv\u00e4ttade.\"\n               data-src=\"https:\/\/evabm.se\/photo\/wp-content\/gallery\/efit-2014-08-19\/2014-08-19-21.09.34.jpg\"\n               data-thumbnail=\"https:\/\/evabm.se\/photo\/wp-content\/gallery\/efit-2014-08-19\/thumbs\/thumbs_2014-08-19-21.09.34.jpg\"\n               data-image-id=\"525\"\n               data-title=\"2014-08-19-21.09.34\"\n               data-description=\"Kl 21:09 | Tr\u00e4ningskl\u00e4derna \u00e4r tv\u00e4ttade.\"\n               data-image-slug=\"2014-08-19-21-09-34-2\"\n               class=\"shutterset_9b54bee61b981dc883974261c7053396\">\n                <img\n                    title=\"2014-08-19-21.09.34\"\n                    alt=\"2014-08-19-21.09.34\"\n                    src=\"https:\/\/evabm.se\/photo\/wp-content\/gallery\/efit-2014-08-19\/thumbs\/thumbs_2014-08-19-21.09.34.jpg\"\n                    width=\"100\"\n                    height=\"75\"\n                    style=\"max-width:100%;\"\n                \/>\n            <\/a>\n        <\/div>\n\t\t\t\t\t\t\t<\/div> \n\t\t\t\n        \n\t\t\n\t\t<!-- Pagination -->\n\t<div class='ngg-clear'><\/div>\t<\/div>\n\n","protected":false},"excerpt":{"rendered":"<p> \tTiden g\u00e5r fort och det \u00e4r redan dags f\u00f6r augusti m\u00e5nads andra Ett Foto I Timmen (EFIT) &#8211; ett fotoprojekt som tar en bild i timmen p\u00e5 en f\u00f6rutbest\u00e4md dag. Idag \u00e4r det en helt vanlig vardag med arbete 6.30 till 16 d\u00e5 fotof\u00f6rbud r\u00e5der. H\u00e5ll till godo med de andra timmarna!<\/p>\n","protected":false},"author":1,"featured_media":0,"comment_status":"open","ping_status":"open","sticky":false,"template":"","format":"image","meta":{"ngg_post_thumbnail":0},"categories":[477],"tags":[254,455,457,452,453,456,454,450],"_links":{"self":[{"href":"https:\/\/evabm.se\/photo\/wp-json\/wp\/v2\/posts\/1516"}],"collection":[{"href":"https:\/\/evabm.se\/photo\/wp-json\/wp\/v2\/posts"}],"about":[{"href":"https:\/\/evabm.se\/photo\/wp-json\/wp\/v2\/types\/post"}],"author":[{"embeddable":true,"href":"https:\/\/evabm.se\/photo\/wp-json\/wp\/v2\/users\/1"}],"replies":[{"embeddable":true,"href":"https:\/\/evabm.se\/photo\/wp-json\/wp\/v2\/comments?post=1516"}],"version-history":[{"count":11,"href":"https:\/\/evabm.se\/photo\/wp-json\/wp\/v2\/posts\/1516\/revisions"}],"predecessor-version":[{"id":1887,"href":"https:\/\/evabm.se\/photo\/wp-json\/wp\/v2\/posts\/1516\/revisions\/1887"}],"wp:attachment":[{"href":"https:\/\/evabm.se\/photo\/wp-json\/wp\/v2\/media?parent=1516"}],"wp:term":[{"taxonomy":"category","embeddable":true,"href":"https:\/\/evabm.se\/photo\/wp-json\/wp\/v2\/categories?post=1516"},{"taxonomy":"post_tag","embeddable":true,"href":"https:\/\/evabm.se\/photo\/wp-json\/wp\/v2\/tags?post=1516"}],"curies":[{"name":"wp","href":"https:\/\/api.w.org\/{rel}","templated":true}]}}