{"id":3963,"date":"2021-01-10T23:55:48","date_gmt":"2021-01-10T21:55:48","guid":{"rendered":"http:\/\/evabm.se\/photo\/?p=3963"},"modified":"2022-07-14T23:33:32","modified_gmt":"2022-07-14T21:33:32","slug":"efit-den-tionde-januari","status":"publish","type":"post","link":"https:\/\/evabm.se\/photo\/2021\/01\/10\/efit-den-tionde-januari\/","title":{"rendered":"EFIT | Den tionde januari"},"content":{"rendered":"\n<p style=\"text-align: left;\">Idag \u00e4r det s\u00f6ndagen den tionde januari och <strong>Ett Foto I Timmen<\/strong> (<a href=\"http:\/\/ettfotoitimmen.se\/\" target=\"_blank\">EFIT<\/a>) &#8211; ett fotoprojekt som tar en bild i timmen p\u00e5 en f\u00f6rutbest\u00e4md dag. Jag har haft julledigt f\u00f6rutom ett g\u00e4stspel d\u00e5 jag jobbade m\u00e5ndag-tisdag f\u00f6rra veckan. Idag bjuder jag p\u00e5 lite av varje h\u00e4r hemma och senare n\u00e4r det m\u00f6rknar kommer det bli n\u00e5gra ljusinstallationer p\u00e5 bild. F\u00f6lj med och ta en titt!<\/p>\n<p style=\"text-align: left;\"><img decoding=\"async\" loading=\"lazy\" class=\"alignnone size-full wp-image-3887\" src=\"https:\/\/evabm.se\/photo\/wp-content\/uploads\/2021\/01\/20210110_002638-01.jpeg\" alt=\"Kl 00:26\" width=\"800\" height=\"450\">Kl 00:26 Det \u00e4r redan s\u00f6ndag och jag har diskat upp f\u00f6rhand det som inte fick plats i diskmaskinen. Men nu \u00e4r det dags att sova ett antal timmar&#8230;<!--more--><\/p>\n<p style=\"text-align: left;\"><img decoding=\"async\" loading=\"lazy\" class=\"alignnone size-full wp-image-3888\" src=\"https:\/\/evabm.se\/photo\/wp-content\/uploads\/2021\/01\/20210110_074454-01.jpeg\" alt=\"Kl 07:44\" width=\"800\" height=\"450\">Kl 07:44 God morgon!<\/p>\n<p style=\"text-align: left;\"><img decoding=\"async\" loading=\"lazy\" class=\"alignnone size-full wp-image-3889\" src=\"https:\/\/evabm.se\/photo\/wp-content\/uploads\/2021\/01\/20210110_083300-01.jpeg\" alt=\"Kl 08:33\" width=\"800\" height=\"450\">Kl 08:33 Kastar mig in i duschen.<\/p>\n<p style=\"text-align: left;\"><img decoding=\"async\" loading=\"lazy\" class=\"alignnone size-full wp-image-3890\" src=\"https:\/\/evabm.se\/photo\/wp-content\/uploads\/2021\/01\/20210110_095713-01.jpeg\" alt=\"Kl 09:57\" width=\"800\" height=\"450\">Kl 09:57 H\u00f6g tid att \u00e4ta frukost!<\/p>\n<p style=\"text-align: left;\"><img decoding=\"async\" loading=\"lazy\" class=\"alignnone size-full wp-image-3891\" src=\"https:\/\/evabm.se\/photo\/wp-content\/uploads\/2021\/01\/20210110_103637-01.jpeg\" alt=\"Kl 10:36\" width=\"800\" height=\"450\">Kl 10:36 Hittills har vi inte f\u00e5tt n\u00e5n sn\u00f6 att r\u00e4kna med. Men nu faller det lite sn\u00f6flingor d\u00e4r ute.<\/p>\n<p style=\"text-align: left;\"><img decoding=\"async\" loading=\"lazy\" class=\"alignnone size-full wp-image-3892\" src=\"https:\/\/evabm.se\/photo\/wp-content\/uploads\/2021\/01\/20210110_115059-01.jpeg\" alt=\"Kl 11:50\" width=\"800\" height=\"450\">Kl 11:50 Jag har precis startat en maskin tv\u00e4tt.<\/p>\n<p style=\"text-align: left;\"><img decoding=\"async\" loading=\"lazy\" class=\"alignnone size-full wp-image-3893\" src=\"https:\/\/evabm.se\/photo\/wp-content\/uploads\/2021\/01\/20210110_122059-01.jpeg\" alt=\"Kl 12:20\" width=\"800\" height=\"450\">Kl 12:20 Innan jag drar ig\u00e5ng datorn s\u00e5 g\u00f6r jag rent tangentbordet. Det var v\u00e4lbeh\u00f6vligt.<\/p>\n<p style=\"text-align: left;\"><img decoding=\"async\" loading=\"lazy\" class=\"alignnone size-full wp-image-3894\" src=\"https:\/\/evabm.se\/photo\/wp-content\/uploads\/2021\/01\/20210110_135438-01.jpeg\" alt=\"Kl 13:54\" width=\"800\" height=\"450\">Kl 13:54 Dags att v\u00e4rma p\u00e5 lite till lunch till oss. Idag blir det k\u00f6ttf\u00e4rssoppa som blev \u00f6ver fr\u00e5n i tisdags.<\/p>\n<p style=\"text-align: left;\"><img decoding=\"async\" loading=\"lazy\" class=\"alignnone size-full wp-image-3895\" src=\"https:\/\/evabm.se\/photo\/wp-content\/uploads\/2021\/01\/20210110_144837-01.jpeg\" alt=\"Kl 14:48\" width=\"800\" height=\"450\">Kl 14:48 Kopierar \u00f6ver lite mobilvideos s\u00e5 att jag f\u00e5r lite utrymme p\u00e5 mobilen f\u00f6r nya bilder och videos.<\/p>\n<p style=\"text-align: left;\"><img decoding=\"async\" loading=\"lazy\" class=\"alignnone size-full wp-image-3896\" src=\"https:\/\/evabm.se\/photo\/wp-content\/uploads\/2021\/01\/20210110_154958-01.jpeg\" alt=\"Kl 15:49\" width=\"800\" height=\"450\">Kl 15:49 Nu \u00e4r vi p\u00e5 v\u00e4g ner p\u00e5 stan f\u00f6r att titta p\u00e5 ljusinstallationerna i Norrk\u00f6ping Light Festival.<\/p>\n<p style=\"text-align: left;\"><img decoding=\"async\" loading=\"lazy\" class=\"alignnone size-full wp-image-3897\" src=\"https:\/\/evabm.se\/photo\/wp-content\/uploads\/2021\/01\/20210110_162946-01.jpeg\" alt=\"Kl 16:29\" width=\"800\" height=\"450\">Kl 16:29 I Carl Johans park finns den \u00e5terkommande ljusinstallationen &#8221;I \u2764 Norrk\u00f6ping&#8221; som sprider budskap om k\u00e4rlek. <em>&#8221;Den korta meningen h\u00e4lsar tillresande bes\u00f6kare och \u00e5terv\u00e4ndande Norrk\u00f6pingsbor v\u00e4lkomna med en uppmaning till att sprida k\u00e4rlek. Inte bara \u00f6ver Norrk\u00f6ping stad, utan \u00f6ver personer och platser i v\u00e5r omgivning. Ett Norrk\u00f6ping f\u00f6r alla. Som alla kan \u00e4lska, en stad som alla Norrk\u00f6pingsbor kan k\u00e4nna en stolthet \u00f6ver och en stad som bes\u00f6kare kan f\u00e5 chansen att l\u00e4ra k\u00e4nna.&#8221;<\/em><\/p>\n<p style=\"text-align: left;\"><img decoding=\"async\" loading=\"lazy\" class=\"alignnone size-full wp-image-3897\" src=\"https:\/\/evabm.se\/photo\/wp-content\/uploads\/2021\/01\/20210110_173019-01.jpeg\" alt=\"Kl 17:30\" width=\"800\" height=\"450\">Kl 17:30 Vi g\u00e5r vidare genom v\u00e5r stad och har kommit fram till platsen framf\u00f6r Flygeln d\u00e4r ljusinstallationen &#8221;Come Play With Me&#8221; finns. <em>&#8221;Ljus \u00e4r n\u00e5got vi tar f\u00f6r givet, n\u00e5got som bara finns d\u00e4r. Vi upplever oftast ljus som en del av v\u00e5r vardag, men ibland f\u00e5r vi m\u00f6jlighet att se ljus p\u00e5 ett annat s\u00e4tt, n\u00e5got som kan f\u00e5 oss att h\u00f6ja p\u00e5 \u00f6gonbrynen och kanske ge oss en aha-upplevelse. Det finns tv\u00e5 delar i installationen. I den ena delen blir du med hj\u00e4lp av speglar och ljus en del av en o\u00e4ndlig v\u00e4rld, d\u00e4r b\u00e5de du och ljuset dupliceras i en o\u00e4ndlighet. I den andra delen blir du en komponent i installationen med hj\u00e4lp av din egen skugga, en skugga i olika f\u00e4rger som du kan leka med. Hela installationen binds samman av ljustr\u00e5den som str\u00e4cker sig upp i pappersvalsarna och f\u00e5r oss att dra blicken till verket.&#8221;<\/em><\/p>\n<p style=\"text-align: left;\"><img decoding=\"async\" loading=\"lazy\" class=\"alignnone size-full wp-image-3897\" src=\"https:\/\/evabm.se\/photo\/wp-content\/uploads\/2021\/01\/20210110_181446-01.jpeg\" alt=\"Kl 18:14\" width=\"800\" height=\"450\">Kl 18:14 Hemma igen efter sk\u00f6n promenad och nu smakade det f\u00f6rtr\u00e4ffligt med lite mat, <em>Goda rullen<\/em>, ett recept jag f\u00e5tt av sv\u00e4rmor.<\/p>\n<p style=\"text-align: left;\"><img decoding=\"async\" loading=\"lazy\" class=\"alignnone size-full wp-image-3897\" src=\"https:\/\/evabm.se\/photo\/wp-content\/uploads\/2021\/01\/20210110_195041-01.jpeg\" alt=\"Kl 19:50\" width=\"800\" height=\"450\">Kl 19:50 Blev sugen p\u00e5 lite kaffe s\u00e5 det blev en cafe au lait fr\u00e5n kaffemaskinen och n\u00e5gra bitar ur Aladdin-kartongen.<\/p>\n<p style=\"text-align: left;\"><img decoding=\"async\" loading=\"lazy\" class=\"alignnone size-full wp-image-3897\" src=\"https:\/\/evabm.se\/photo\/wp-content\/uploads\/2021\/01\/20210110_204148-01.jpeg\" alt=\"Kl 20:41\" width=\"800\" height=\"450\">Kl 20:41 Gick ner till frysboxen i k\u00e4llaren med lite br\u00f6d och tv\u00e5 matl\u00e5dor. Perfekt att ha en extra frys!<\/p>\n<p style=\"text-align: left;\"><img decoding=\"async\" loading=\"lazy\" class=\"alignnone size-full wp-image-3897\" src=\"https:\/\/evabm.se\/photo\/wp-content\/uploads\/2021\/01\/20210110_215132-01.jpeg\" alt=\"Kl 21:51\" width=\"800\" height=\"450\">Kl 21:51 Sitter vid datorn och fixar med bilderna p\u00e5 den h\u00e4r bloggen f\u00f6r att bli detta inl\u00e4gg. Det f\u00f6rsta p\u00e5 mycket l\u00e4nge. Dock har jag fotograferat n\u00e4sta alla utom en EFIT-dag under f\u00f6rra \u00e5ret men bilderna hamnade aldrig h\u00e4r. Kanske g\u00f6r jag en fotobok av dem. Vi f\u00e5r v\u00e4l se. S\u00e5 nu hoppas jag p\u00e5 \u00e5terh\u00f6rande i slutet av januari.<\/p>\n","protected":false},"excerpt":{"rendered":"<p> \tIdag \u00e4r det s\u00f6ndagen den tionde januari och Ett Foto I Timmen (EFIT) &#8211; ett fotoprojekt som tar en bild i timmen p\u00e5 en f\u00f6rutbest\u00e4md dag. Jag har haft julledigt f\u00f6rutom ett g\u00e4stspel d\u00e5 jag jobbade m\u00e5ndag-tisdag f\u00f6rra veckan. Idag bjuder jag p\u00e5 lite av varje h\u00e4r hemma och senare n\u00e4r det m\u00f6rknar kommer det &#8230; <span class=\"more\"><a class=\"more-link\" href=\"https:\/\/evabm.se\/photo\/2021\/01\/10\/efit-den-tionde-januari\/\">[Read more&#8230;]<\/a><\/span><\/p>\n","protected":false},"author":1,"featured_media":0,"comment_status":"open","ping_status":"open","sticky":false,"template":"","format":"image","meta":{"ngg_post_thumbnail":0},"categories":[923],"tags":[170,929,444,457,924,134,388,930,61,568,925,248,151,920,927,585,926,928],"_links":{"self":[{"href":"https:\/\/evabm.se\/photo\/wp-json\/wp\/v2\/posts\/3963"}],"collection":[{"href":"https:\/\/evabm.se\/photo\/wp-json\/wp\/v2\/posts"}],"about":[{"href":"https:\/\/evabm.se\/photo\/wp-json\/wp\/v2\/types\/post"}],"author":[{"embeddable":true,"href":"https:\/\/evabm.se\/photo\/wp-json\/wp\/v2\/users\/1"}],"replies":[{"embeddable":true,"href":"https:\/\/evabm.se\/photo\/wp-json\/wp\/v2\/comments?post=3963"}],"version-history":[{"count":20,"href":"https:\/\/evabm.se\/photo\/wp-json\/wp\/v2\/posts\/3963\/revisions"}],"predecessor-version":[{"id":3983,"href":"https:\/\/evabm.se\/photo\/wp-json\/wp\/v2\/posts\/3963\/revisions\/3983"}],"wp:attachment":[{"href":"https:\/\/evabm.se\/photo\/wp-json\/wp\/v2\/media?parent=3963"}],"wp:term":[{"taxonomy":"category","embeddable":true,"href":"https:\/\/evabm.se\/photo\/wp-json\/wp\/v2\/categories?post=3963"},{"taxonomy":"post_tag","embeddable":true,"href":"https:\/\/evabm.se\/photo\/wp-json\/wp\/v2\/tags?post=3963"}],"curies":[{"name":"wp","href":"https:\/\/api.w.org\/{rel}","templated":true}]}}