{"id":4056,"date":"2021-04-14T22:27:43","date_gmt":"2021-04-14T21:27:43","guid":{"rendered":"http:\/\/evabm.se\/photo\/?p=4056"},"modified":"2022-07-25T23:28:36","modified_gmt":"2022-07-25T21:28:36","slug":"efit-onsdag-14-april-2021","status":"publish","type":"post","link":"https:\/\/evabm.se\/photo\/2021\/04\/14\/efit-onsdag-14-april-2021\/","title":{"rendered":"EFIT | Onsdag 14 april 2021"},"content":{"rendered":"\n<p style=\"text-align: left;\">Idag \u00e4r det onsdagen den 14 april och <strong>Ett Foto I Timmen<\/strong> (<a href=\"http:\/\/ettfotoitimmen.se\/\" target=\"_blank\">EFIT<\/a>) &#8211; ett fotoprojekt som tar en bild i timmen p\u00e5 en f\u00f6rutbest\u00e4md dag. \u00c4nnu en jobba-hemifr\u00e5n-dag st\u00e5r p\u00e5 schemat idag. H\u00e4ng med och se hur min dag blir idag!<\/p>\n<p style=\"text-align: left;\"><img decoding=\"async\" loading=\"lazy\" class=\"alignnone size-full wp-image-3887\" src=\"https:\/\/evabm.se\/photo\/wp-content\/uploads\/2021\/04\/20210414_055510.jpeg\" alt=\"Kl 05:55\" width=\"800\" height=\"450\">Kl 05:55 Jag har klivit ur s\u00e4ngen, \u00f6ppnat persiennerna och f\u00f6nstret p\u00e5 gl\u00e4nt.<!--more--><\/p>\n<p style=\"text-align: left;\"><img decoding=\"async\" loading=\"lazy\" class=\"alignnone size-full wp-image-3888\" src=\"https:\/\/evabm.se\/photo\/wp-content\/uploads\/2021\/04\/20210414_063748.jpeg\" alt=\"Kl 06:37\" width=\"800\" height=\"450\">Kl 06:37 Idag en snabbfrukost med drickkvarg innan arbetsdagen b\u00f6rjade.<\/p>\n<p style=\"text-align: left;\"><img decoding=\"async\" loading=\"lazy\" class=\"alignnone size-full wp-image-3888\" src=\"https:\/\/evabm.se\/photo\/wp-content\/uploads\/2021\/04\/20210414_073041.jpeg\" alt=\"Kl 07:30\" width=\"800\" height=\"450\">Kl 07:30 Jag har snart redan arbetat p\u00e5 i en timme.<\/p>\n<p style=\"text-align: left;\"><img decoding=\"async\" loading=\"lazy\" class=\"alignnone size-full wp-image-3888\" src=\"https:\/\/evabm.se\/photo\/wp-content\/uploads\/2021\/04\/20210414_083039.jpeg\" alt=\"Kl 08:30\" width=\"800\" height=\"450\">Kl 08:30 En timme till har f\u00f6rflutit och \u00e4n f\u00e5r jag ha persiennerna nerdragna d\u00e5 solen ligger p\u00e5 ett tag till.<\/p>\n<p style=\"text-align: left;\"><img decoding=\"async\" loading=\"lazy\" class=\"alignnone size-full wp-image-3888\" src=\"https:\/\/evabm.se\/photo\/wp-content\/uploads\/2021\/04\/20210414_094009.jpeg\" alt=\"Kl 09:40\" width=\"800\" height=\"450\">Kl 09:40 Lite senare \u00e4n vanligt intar jag min andra frukost med gr\u00f6t och leverpastejsm\u00f6rg\u00e5s.<\/p>\n<p style=\"text-align: left;\"><img decoding=\"async\" loading=\"lazy\" class=\"alignnone size-full wp-image-3888\" src=\"https:\/\/evabm.se\/photo\/wp-content\/uploads\/2021\/04\/20210414_104818.jpeg\" alt=\"Kl 10:48\" width=\"800\" height=\"450\">Kl 10:48 Jag har precis avslutat ett samtal med en kollega d\u00e4r vi samr\u00e5tt lite \u00f6ver hantering av ett \u00e4rende.<\/p>\n<p style=\"text-align: left;\"><img decoding=\"async\" loading=\"lazy\" class=\"alignnone size-full wp-image-3888\" src=\"https:\/\/evabm.se\/photo\/wp-content\/uploads\/2021\/04\/20210414_115409.jpeg\" alt=\"Kl 11:54\" width=\"800\" height=\"450\">Kl 11:54 Idag har jag ansvar att hantera de \u00e4renden som kommer in till v\u00e5r gemensamma mailbox f\u00f6r att slussa vidare det som l\u00e4ggs i k\u00f6 samt besvara ev. fr\u00e5gor och annat sm\u00e5tt och gott. Nu innan lunch \u00e4r allt hanterat s\u00e5 h\u00e4r l\u00e5ngt. F\u00e5r se vad som dyker upp under eftermiddagen.<\/p>\n<p style=\"text-align: left;\"><img decoding=\"async\" loading=\"lazy\" class=\"alignnone size-full wp-image-3888\" src=\"https:\/\/evabm.se\/photo\/wp-content\/uploads\/2021\/04\/20210414_123840.jpeg\" alt=\"Kl 12:38\" width=\"800\" height=\"450\">Kl 12:38 Jag gick iv\u00e4g p\u00e5 lunchpromenaden innan jag \u00e5t. Idag var det riktigt h\u00e4rligt v\u00e4der och betydligt varmare \u00e4n de senaste dagarna. N\u00e4stan s\u00e5 jag inte ville g\u00e5 tillbaka in igen.<\/p>\n<p style=\"text-align: left;\"><img decoding=\"async\" loading=\"lazy\" class=\"alignnone size-full wp-image-3888\" src=\"https:\/\/evabm.se\/photo\/wp-content\/uploads\/2021\/04\/20210414_130937.jpeg\" alt=\"Kl 13:09\" width=\"800\" height=\"450\">Kl 13:09 K\u00f6pte med mig en r\u00e4ksm\u00f6rg\u00e5s som blev dagens lunch tillsammans med en kopp kaffe. Inte dumt alls. Dessutom f\u00f6r omv\u00e4xlings skull slog jag mig ner i f\u00e5t\u00f6ljen i vardagsrummet.<\/p>\n<p style=\"text-align: left;\">Sen blev jag tydligen helt uppslukad n\u00e4r jag b\u00f6rjade arbeta igen. Det var fler \u00e4renden som trillat in till oss plus att jag publicerade ett dokument som var klart f\u00f6r release. D\u00e4refter check p\u00e5 nya \u00e4renden igen innan jag snabbt kopplade upp mig p\u00e5 ett Skypem\u00f6te f\u00f6r att diskutera en framkomlig probleml\u00f6sning.<\/p>\n<p style=\"text-align: left;\"><img decoding=\"async\" loading=\"lazy\" class=\"alignnone size-full wp-image-3888\" src=\"https:\/\/evabm.se\/photo\/wp-content\/uploads\/2021\/04\/20210414_155034.jpeg\" alt=\"Kl 15:50\" width=\"800\" height=\"450\">Kl 15:50 Precis tagit av mig headsetet och avslutat m\u00f6tet som blev lite l\u00e4ngre \u00e4n planerat.<\/p>\n<p style=\"text-align: left;\"><img decoding=\"async\" loading=\"lazy\" class=\"alignnone size-full wp-image-3888\" src=\"https:\/\/evabm.se\/photo\/wp-content\/uploads\/2021\/04\/20210414_164335.jpeg\" alt=\"Kl 16:43\" width=\"800\" height=\"450\">Kl 16:43 Nu har jag loggat ut f\u00f6r idag.<\/p>\n<p style=\"text-align: left;\"><img decoding=\"async\" loading=\"lazy\" class=\"alignnone size-full wp-image-3888\" src=\"https:\/\/evabm.se\/photo\/wp-content\/uploads\/2021\/04\/20210414_174453.jpeg\" alt=\"Kl 17:44\" width=\"800\" height=\"450\">Kl 17:44 Min sv\u00e4gerska uppm\u00e4rksammar mig p\u00e5 att hon sett min underbara skogsbild fr\u00e5n mitt Instagramkonto i <a href=\"https:\/\/etidning.norrkopingsmagazinet.se\/1951\/norrkopings-magazinet\/400333\/2021-04-14\/r\/8\" target=\"_blank\">Norrk\u00f6pings-magazinet idag<\/a>. \u00c5h, vad kul!<\/p>\n<p style=\"text-align: left;\"><img decoding=\"async\" loading=\"lazy\" class=\"alignnone size-full wp-image-3888\" src=\"https:\/\/evabm.se\/photo\/wp-content\/uploads\/2021\/04\/20210414_183046.jpeg\" alt=\"Kl 18:30\" width=\"800\" height=\"450\">Kl 18:30 Nu har jag f\u00f6rflyttat mig \u00f6ver g\u00e5rden h\u00e4r hemma till kv\u00e4llens styrelsem\u00f6te i v\u00e5r bostadsr\u00e4ttsf\u00f6rening.<\/p>\n<p style=\"text-align: left;\"><img decoding=\"async\" loading=\"lazy\" class=\"alignnone size-full wp-image-3888\" src=\"https:\/\/evabm.se\/photo\/wp-content\/uploads\/2021\/04\/20210414_195356.jpeg\" alt=\"Kl 19:53\" width=\"800\" height=\"450\">Kl 19:53 Hemma igen och sl\u00e5r mig ner en stund i soffan och njuter av mina tulpaner.<\/p>\n<p style=\"text-align: left;\"><img decoding=\"async\" loading=\"lazy\" class=\"alignnone size-full wp-image-3888\" src=\"https:\/\/evabm.se\/photo\/wp-content\/uploads\/2021\/04\/20210414_204435.jpeg\" alt=\"Kl 20:44\" width=\"800\" height=\"450\">Kl 20:44 Jag kommer fram till att det \u00e4r lika bra att jag fixar klart kv\u00e4llens protokoll och skickar \u00f6ver f\u00f6r granskning till ordf\u00f6randen.<\/p>\n<p style=\"text-align: left;\"><img decoding=\"async\" loading=\"lazy\" class=\"alignnone size-full wp-image-3888\" src=\"https:\/\/evabm.se\/photo\/wp-content\/uploads\/2021\/04\/20210414_215729.jpeg\" alt=\"Kl 21:57\" width=\"800\" height=\"450\">Kl 21:57 D\u00e5 har jag laddat upp dagens tagna bilder p\u00e5 Dropbox s\u00e5 jag kan v\u00e4lja ut och redigera dem i appen Snapseed i mobilen innan uppladdning h\u00e4r p\u00e5 hemsidan. S\u00e5 d\u00e5 \u00e5terst\u00e5r bara det roliga och skriva lite text innan det \u00e4r dags att nanna kudden.<\/p>\n<p style=\"text-align: left;\">P\u00e5 \u00e5terh\u00f6rande!<\/p>\n","protected":false},"excerpt":{"rendered":"<p> \tIdag \u00e4r det onsdagen den 14 april och Ett Foto I Timmen (EFIT) &#8211; ett fotoprojekt som tar en bild i timmen p\u00e5 en f\u00f6rutbest\u00e4md dag. \u00c4nnu en jobba-hemifr\u00e5n-dag st\u00e5r p\u00e5 schemat idag. H\u00e4ng med och se hur min dag blir idag! Kl 05:55 Jag har klivit ur s\u00e4ngen, \u00f6ppnat persiennerna och f\u00f6nstret p\u00e5 gl\u00e4nt.<\/p>\n","protected":false},"author":1,"featured_media":0,"comment_status":"open","ping_status":"open","sticky":false,"template":"","format":"standard","meta":{"ngg_post_thumbnail":0},"categories":[923],"tags":[647,1147,953,134,388,954,932,754,248,955,582,943,193],"_links":{"self":[{"href":"https:\/\/evabm.se\/photo\/wp-json\/wp\/v2\/posts\/4056"}],"collection":[{"href":"https:\/\/evabm.se\/photo\/wp-json\/wp\/v2\/posts"}],"about":[{"href":"https:\/\/evabm.se\/photo\/wp-json\/wp\/v2\/types\/post"}],"author":[{"embeddable":true,"href":"https:\/\/evabm.se\/photo\/wp-json\/wp\/v2\/users\/1"}],"replies":[{"embeddable":true,"href":"https:\/\/evabm.se\/photo\/wp-json\/wp\/v2\/comments?post=4056"}],"version-history":[{"count":14,"href":"https:\/\/evabm.se\/photo\/wp-json\/wp\/v2\/posts\/4056\/revisions"}],"predecessor-version":[{"id":4070,"href":"https:\/\/evabm.se\/photo\/wp-json\/wp\/v2\/posts\/4056\/revisions\/4070"}],"wp:attachment":[{"href":"https:\/\/evabm.se\/photo\/wp-json\/wp\/v2\/media?parent=4056"}],"wp:term":[{"taxonomy":"category","embeddable":true,"href":"https:\/\/evabm.se\/photo\/wp-json\/wp\/v2\/categories?post=4056"},{"taxonomy":"post_tag","embeddable":true,"href":"https:\/\/evabm.se\/photo\/wp-json\/wp\/v2\/tags?post=4056"}],"curies":[{"name":"wp","href":"https:\/\/api.w.org\/{rel}","templated":true}]}}