{"id":4210,"date":"2021-08-02T14:30:26","date_gmt":"2021-08-02T12:30:26","guid":{"rendered":"http:\/\/evabm.se\/photo\/?p=4210"},"modified":"2022-07-14T23:33:14","modified_gmt":"2022-07-14T21:33:14","slug":"efit-semesterdag-pa-egen-hand","status":"publish","type":"post","link":"https:\/\/evabm.se\/photo\/2021\/08\/02\/efit-semesterdag-pa-egen-hand\/","title":{"rendered":"EFIT | Semesterdag p\u00e5 egen hand"},"content":{"rendered":"\n<p style=\"text-align: left;\">Idag \u00e4r det m\u00e5ndagen den 2 augusti och <strong>Ett Foto I Timmen<\/strong> (<a href=\"http:\/\/ettfotoitimmen.se\/\" target=\"_blank\">EFIT<\/a>) &#8211; ett fotoprojekt som tar en bild i timmen p\u00e5 en f\u00f6rutbest\u00e4md dag. Idag har jag semester p\u00e5 egen hand d\u00e5 min sambo ska g\u00f6ra ett inhopp och jobba idag. Det blir en hemmadag. \u00c4r lite stel i armen och nacken som kanske h\u00e4nger ihop med att jag tog andra dosen av covid-19 ig\u00e5r kv\u00e4ll. Men h\u00e4ng med och se vad jag pysslar med!<\/p>\n<p style=\"text-align: left;\"><img decoding=\"async\" loading=\"lazy\" class=\"alignnone size-full wp-image-3887\" src=\"https:\/\/evabm.se\/photo\/wp-content\/uploads\/2021\/08\/20210802_080623.jpeg\" alt=\"Kl 08:06\" width=\"800\" height=\"450\">Kl 08:06 Trots semester hade jag satt mobilalarmet p\u00e5 ringning, men orkade visst inte g\u00e5 upp d\u00e4r f\u00f6re 7 och starta tv\u00e4ttandet. Men vaknade av mig sj\u00e4lv n\u00e5gra minuter f\u00f6re 8 och stoppade i och tv\u00e4ttar frott\u00e9.<!--more--><\/p>\n<p style=\"text-align: left;\"><img decoding=\"async\" loading=\"lazy\" class=\"alignnone size-full wp-image-3888\" src=\"https:\/\/evabm.se\/photo\/wp-content\/uploads\/2021\/08\/20210802_095458.jpeg\" alt=\"Kl 09:54\" width=\"800\" height=\"450\">Kl 09:54 \u00c4ntligen frukost efter att ha sl\u00e4ngt i ytterligare en maskin med frott\u00e9 och den f\u00f6rsta tv\u00e4tten in i torktumlaren.<\/p>\n<p style=\"text-align: left;\"><img decoding=\"async\" loading=\"lazy\" class=\"alignnone size-full wp-image-3888\" src=\"https:\/\/evabm.se\/photo\/wp-content\/uploads\/2021\/08\/20210802_104729.jpeg\" alt=\"Kl 10:47\" width=\"800\" height=\"450\">Kl 10:47 Justerade v\u00e5rt TV-abonnemang fr\u00e5n 1\/6 fr\u00e5n v\u00e5rt gamla 8 favoriter till TV Bas HD hos f\u00f6re detta Com Hem och numera Tele2. Jag har inte hunnit med tidigare utan nu t\u00e4nkte att jag skulle spara ner alla kanalerna s\u00e5 att de ligger som favoriter. Inga problem att spara dem som favoriter, men g\u00e5r inte att se n\u00e5gra HD-kanaler f\u00f6rutom SVT1, SVT2 och TV4. Varf\u00f6r d\u00e5?! Ska jag beh\u00f6va ringa supporten?!<\/p>\n<p style=\"text-align: left;\"><img decoding=\"async\" loading=\"lazy\" class=\"alignnone size-full wp-image-3888\" src=\"https:\/\/evabm.se\/photo\/wp-content\/uploads\/2021\/08\/20210802_113500.jpeg\" alt=\"Kl 11:35\" width=\"800\" height=\"450\">Kl 11:35 Jag har precis pratat med kundtj\u00e4nst (teknisk support) och det visade sig att v\u00e5r modul \u00e4ven beh\u00f6vde kopplas ihop med abonnemanget, vilket man inte upplyste mig om n\u00e4r jag \u00e4ndrade abonnemanget trots att jag fr\u00e5gade. Lite surt att betalat f\u00f6r n\u00e5t i 2 m\u00e5nader utan att kunna nyttja det. Jo, det h\u00f6ll han med om. Dessutom var v\u00e5r modul gammal och gick inte att koppla ihop. Pust&#8230; Men killen hade ett erbjudande till mig &#8211; samma TV Bas HD f\u00f6r 60 kr billigare per m\u00e5nad med bindning 12 m\u00e5n och p\u00e5 k\u00f6pet en ny modul. Dock var det fraktkostnad p\u00e5 modulen. Men d\u00e5 tyckte jag att jag borde slippa det d\u00e5 de hade missat detta. Jod\u00e5, det l\u00f6ste han ocks\u00e5. S\u00e5 bara inv\u00e4nta den nya modulen. H\u00e4rligt!<\/p>\n<p style=\"text-align: left;\"><img decoding=\"async\" loading=\"lazy\" class=\"alignnone size-full wp-image-3888\" src=\"https:\/\/evabm.se\/photo\/wp-content\/uploads\/2021\/08\/20210802_123419.jpeg\" alt=\"Kl 12:34\" width=\"800\" height=\"450\">Kl 12:34 K\u00e4nde mig n\u00f6jd och bel\u00e5ten efter samtalet s\u00e5 d\u00e5 hoppade jag in i duschen. Dags att fixa till h\u00e5ret.<\/p>\n<p style=\"text-align: left;\"><img decoding=\"async\" loading=\"lazy\" class=\"alignnone size-full wp-image-3888\" src=\"https:\/\/evabm.se\/photo\/wp-content\/uploads\/2021\/08\/20210802_130857.jpeg\" alt=\"Kl 13:08\" width=\"800\" height=\"450\">Kl 13:08 Nu sitter jag h\u00e4r och f\u00f6ljer fotbollstjejerna i OS-semifinalen mot Australien.<\/p>\n<p style=\"text-align: left;\"><img decoding=\"async\" loading=\"lazy\" class=\"alignnone size-full wp-image-3888\" src=\"https:\/\/evabm.se\/photo\/wp-content\/uploads\/2021\/08\/20210802_140627.jpeg\" alt=\"Kl 14:06\" width=\"800\" height=\"450\">Kl 14:06 M\u00e5\u00e5\u00e5l f\u00f6r Sverige genom Fridolina Rolf\u00f6. S\u00e5 h\u00e4rligt! Men nu f\u00e5r man v\u00e4l bita p\u00e5 naglarna resten av tiden.<\/p>\n<p style=\"text-align: left;\"><img decoding=\"async\" loading=\"lazy\" class=\"alignnone size-full wp-image-3888\" src=\"https:\/\/evabm.se\/photo\/wp-content\/uploads\/2021\/08\/20210802_151003.jpeg\" alt=\"Kl 15:10\" width=\"800\" height=\"450\">Kl 15:10 Jaaaa, det gick v\u00e4gen! Det blir final f\u00f6r Sverige p\u00e5 fredag morgon kl 4. H\u00e4r tv-intervju med dagens m\u00e5lskytt Fridolina Rolf\u00f6.<\/p>\n<p style=\"text-align: left;\"><img decoding=\"async\" loading=\"lazy\" class=\"alignnone size-full wp-image-3888\" src=\"https:\/\/evabm.se\/photo\/wp-content\/uploads\/2021\/08\/20210802_164004.jpeg\" alt=\"Kl 16:40\" width=\"800\" height=\"450\">Kl 16:40 Jag har surfat runt hos de som ocks\u00e5 k\u00f6r Ett-Foto-i-Timmen idag.<\/p>\n<p style=\"text-align: left;\"><img decoding=\"async\" loading=\"lazy\" class=\"alignnone size-full wp-image-3888\" src=\"https:\/\/evabm.se\/photo\/wp-content\/uploads\/2021\/08\/20210802_173909.jpeg\" alt=\"Kl 17:39\" width=\"800\" height=\"450\">Kl 17:39 Jag skriver nota vad vi beh\u00f6ver handla f\u00f6r resten av veckan.<\/p>\n<p style=\"text-align: left;\"><img decoding=\"async\" loading=\"lazy\" class=\"alignnone size-full wp-image-3888\" src=\"https:\/\/evabm.se\/photo\/wp-content\/uploads\/2021\/08\/20210802_185556.jpeg\" alt=\"Kl 18:55\" width=\"800\" height=\"450\">Kl 18:55 Jag har hunnit med en sv\u00e4ng p\u00e5 b\u00e5de Rusta och Systembolaget. Jag har nu bara det sista att handla i mataff\u00e4ren.<\/p>\n<p style=\"text-align: left;\"><img decoding=\"async\" loading=\"lazy\" class=\"alignnone size-full wp-image-3888\" src=\"https:\/\/evabm.se\/photo\/wp-content\/uploads\/2021\/08\/20210802_193336.jpeg\" alt=\"Kl 19:33\" width=\"800\" height=\"450\">Kl 19:33 Ja, d\u00e5 \u00e4r det bara kvar att plocka in varorna efter att jag sl\u00e4ngt ut inneh\u00e5ll fr\u00e5n n\u00e5gra bortgl\u00f6mde burkar. Det luktade inte f\u00f6r gott&#8230;<\/p>\n<p style=\"text-align: left;\"><img decoding=\"async\" loading=\"lazy\" class=\"alignnone size-full wp-image-3888\" src=\"https:\/\/evabm.se\/photo\/wp-content\/uploads\/2021\/08\/20210802_200107.jpeg\" alt=\"Kl 20:01\" width=\"800\" height=\"450\">Kl 20:01 En bild fr\u00e5n v\u00e5r innerg\u00e5rd med h\u00e4ftiga moln efter att jag varit ute med sopp\u00e5sen och matavfall.<\/p>\n<p style=\"text-align: left;\"><img decoding=\"async\" loading=\"lazy\" class=\"alignnone size-full wp-image-3888\" src=\"https:\/\/evabm.se\/photo\/wp-content\/uploads\/2021\/08\/20210802_211747.jpeg\" alt=\"Kl 21:17\" width=\"800\" height=\"450\">Kl 21:17 Det blev sen mat idag i form av en k\u00f6pt paj. Det f\u00e5r duga och f\u00e5r bli sista bilden f\u00f6r idag.<\/p>\n","protected":false},"excerpt":{"rendered":"<p> \tIdag \u00e4r det m\u00e5ndagen den 2 augusti och Ett Foto I Timmen (EFIT) &#8211; ett fotoprojekt som tar en bild i timmen p\u00e5 en f\u00f6rutbest\u00e4md dag. Idag har jag semester p\u00e5 egen hand d\u00e5 min sambo ska g\u00f6ra ett inhopp och jobba idag. Det blir en hemmadag. \u00c4r lite stel i armen och nacken som &#8230; <span class=\"more\"><a class=\"more-link\" href=\"https:\/\/evabm.se\/photo\/2021\/08\/02\/efit-semesterdag-pa-egen-hand\/\">[Read more&#8230;]<\/a><\/span><\/p>\n","protected":false},"author":1,"featured_media":0,"comment_status":"open","ping_status":"open","sticky":false,"template":"","format":"standard","meta":{"ngg_post_thumbnail":0},"categories":[923],"tags":[858,1009,1007,993,446,999,288,388,448,1005,1003,338,1010,1000,393,1013,419,1012,1002,1006,1014,1008,1001,1011,998,1004,585,926],"_links":{"self":[{"href":"https:\/\/evabm.se\/photo\/wp-json\/wp\/v2\/posts\/4210"}],"collection":[{"href":"https:\/\/evabm.se\/photo\/wp-json\/wp\/v2\/posts"}],"about":[{"href":"https:\/\/evabm.se\/photo\/wp-json\/wp\/v2\/types\/post"}],"author":[{"embeddable":true,"href":"https:\/\/evabm.se\/photo\/wp-json\/wp\/v2\/users\/1"}],"replies":[{"embeddable":true,"href":"https:\/\/evabm.se\/photo\/wp-json\/wp\/v2\/comments?post=4210"}],"version-history":[{"count":20,"href":"https:\/\/evabm.se\/photo\/wp-json\/wp\/v2\/posts\/4210\/revisions"}],"predecessor-version":[{"id":4235,"href":"https:\/\/evabm.se\/photo\/wp-json\/wp\/v2\/posts\/4210\/revisions\/4235"}],"wp:attachment":[{"href":"https:\/\/evabm.se\/photo\/wp-json\/wp\/v2\/media?parent=4210"}],"wp:term":[{"taxonomy":"category","embeddable":true,"href":"https:\/\/evabm.se\/photo\/wp-json\/wp\/v2\/categories?post=4210"},{"taxonomy":"post_tag","embeddable":true,"href":"https:\/\/evabm.se\/photo\/wp-json\/wp\/v2\/tags?post=4210"}],"curies":[{"name":"wp","href":"https:\/\/api.w.org\/{rel}","templated":true}]}}