{"id":4332,"date":"2021-12-20T22:59:15","date_gmt":"2021-12-20T20:59:15","guid":{"rendered":"http:\/\/evabm.se\/photo\/?p=4332"},"modified":"2022-07-14T23:33:14","modified_gmt":"2022-07-14T21:33:14","slug":"efit-pa-battringsvagen","status":"publish","type":"post","link":"https:\/\/evabm.se\/photo\/2021\/12\/20\/efit-pa-battringsvagen\/","title":{"rendered":"EFIT | P\u00e5 b\u00e4ttringsv\u00e4gen"},"content":{"rendered":"\n<p style=\"text-align: left;\">Idag \u00e4r det m\u00e5ndagen den 20 december och <strong>Ett Foto I Timmen<\/strong> (<a href=\"http:\/\/ettfotoitimmen.se\/\" target=\"_blank\">EFIT<\/a>) &#8211; ett fotoprojekt som tar en bild i timmen p\u00e5 en f\u00f6rutbest\u00e4md dag. Jag har sedan mitten av f\u00f6rra veckan varit sjukskriven med f\u00f6rkylning och hosta. Jag fick ju till slut inse att det inte heller fungerade att jobba hemifr\u00e5n n\u00e4r kroppen beh\u00f6vde ligga ner och vila. Har sovit rej\u00e4lt i natt och ja \u00e4nda fram p\u00e5 f\u00f6rmiddan innan jag vaknade. Tur att mobilen p\u00e5minde mig om att det var EFIT-dag! \u00c4nnu mer tur att jag faktiskt k\u00e4nner mig betydligt b\u00e4ttre ocks\u00e5 s\u00e5 jag t\u00e4nker att jag ska kunna sticka ut n\u00e4san utanf\u00f6r d\u00f6rren.<\/p>\n<p style=\"text-align: left;\"><img decoding=\"async\" loading=\"lazy\" class=\"alignnone size-full wp-image-3887\" src=\"https:\/\/evabm.se\/photo\/wp-content\/uploads\/2021\/12\/20211220_1100.jpeg\" alt=\"Kl 11:00\" width=\"800\" height=\"450\">Kl 11:00 S\u00e5 godmorgon s\u00e5h\u00e4r p\u00e5 f\u00f6rmiddan fr\u00e5n vardagsrumsf\u00f6nstret d\u00e4r jag sovit sen Luciadagen s\u00e5 att sambon sluppit att h\u00f6ra mitt hostande.<!--more--><\/p>\n<p style=\"text-align: left;\"><img decoding=\"async\" loading=\"lazy\" class=\"alignnone size-full wp-image-3888\" src=\"https:\/\/evabm.se\/photo\/wp-content\/uploads\/2021\/12\/20211220_1237.jpeg\" alt=\"Kl 12:37\" width=\"800\" height=\"450\">Kl 12:37 Med posten idag kom det tv\u00e5 julkort och det p\u00e5minner mig f\u00f6rst\u00e5s att jag inte fixat v\u00e5ra. Ajd\u00e5&#8230;<\/p>\n<p style=\"text-align: left;\"><img decoding=\"async\" loading=\"lazy\" class=\"alignnone size-full wp-image-3888\" src=\"https:\/\/evabm.se\/photo\/wp-content\/uploads\/2021\/12\/20211220_1340.jpeg\" alt=\"Kl 13:40\" width=\"800\" height=\"450\">Kl 13:40 Dusch och h\u00e5rtv\u00e4tt s\u00e5 m\u00e5r man \u00e4nnu b\u00e4ttre \u00e4n innan. Bara fixa till h\u00e5ret ocks\u00e5.<\/p>\n<p style=\"text-align: left;\"><img decoding=\"async\" loading=\"lazy\" class=\"alignnone size-full wp-image-3888\" src=\"https:\/\/evabm.se\/photo\/wp-content\/uploads\/2021\/12\/20211220_1442.jpeg\" alt=\"Kl 14:42\" width=\"800\" height=\"450\">Kl 14:42 Ut p\u00e5 promenad. Det var ett tag sen det begav sig. N\u00e4rmare best\u00e4mt den 9:e d\u00e5 jag senast var p\u00e5 jobbet och det blev en lunchpromenad. Sen har jag varit inomhus f\u00f6r att inv\u00e4nta provtagning f\u00f6r covid-19 s\u00e5 att jag inte var smittsam ocks\u00e5. Men provsvaret visade negativt &#8211; s\u00e5 sk\u00f6nt! Trots det har jag tagit det lugnt innan jag k\u00e4nde mig redo att g\u00e5 utanf\u00f6r d\u00f6rren. Nu \u00e4r jag dessutom redo att friskskriva mig imorgon.&nbsp;<\/p>\n<p style=\"text-align: left;\"><img decoding=\"async\" loading=\"lazy\" class=\"alignnone size-full wp-image-3888\" src=\"https:\/\/evabm.se\/photo\/wp-content\/uploads\/2021\/12\/20211220_1518.jpeg\" alt=\"Kl 15:18\" width=\"800\" height=\"450\">Kl 15:18 Jag stannade till p\u00e5 Nelins Conditori p\u00e5 hemv\u00e4gen och k\u00f6pte med mig en smarrig bakelse till kaffet. Det piggar upp!<\/p>\n<p style=\"text-align: left;\"><img decoding=\"async\" loading=\"lazy\" class=\"alignnone size-full wp-image-3888\" src=\"https:\/\/evabm.se\/photo\/wp-content\/uploads\/2021\/12\/20211220_1652.jpeg\" alt=\"Kl 16:52\" width=\"800\" height=\"450\">Kl 16:52 Vardagsrumsf\u00f6nstret nu ikv\u00e4ll s\u00e5 att ni \u00e4ven f\u00e5r se n\u00e4r stj\u00e4rnorna och ljusstaken lyser.<\/p>\n<p style=\"text-align: left;\"><img decoding=\"async\" loading=\"lazy\" class=\"alignnone size-full wp-image-3888\" src=\"https:\/\/evabm.se\/photo\/wp-content\/uploads\/2021\/12\/20211220_1734.jpeg\" alt=\"Kl 17:34\" width=\"800\" height=\"450\">Kl 17:34 Klockan ligger p\u00e5 laddning medan jag chattar med tv\u00e5 av mina kollegor.<\/p>\n<p style=\"text-align: left;\"><img decoding=\"async\" loading=\"lazy\" class=\"alignnone size-full wp-image-3888\" src=\"https:\/\/evabm.se\/photo\/wp-content\/uploads\/2021\/12\/20211220_1856.jpeg\" alt=\"Kl 18:56\" width=\"800\" height=\"450\">Kl 18:56 Dags att g\u00f6ra iordning n\u00e5t att \u00e4ta. L\u00e5ter v\u00e4l inte s\u00e5 dumt med julv\u00f6rt och julskinka?!<\/p>\n<p style=\"text-align: left;\"><img decoding=\"async\" loading=\"lazy\" class=\"alignnone size-full wp-image-3888\" src=\"https:\/\/evabm.se\/photo\/wp-content\/uploads\/2021\/12\/20211220_1913.jpeg\" alt=\"Kl 19:13\" width=\"800\" height=\"450\">Kl 19:13 Det blev en tallrik julgr\u00f6t med julskinkmacka.<\/p>\n<p style=\"text-align: left;\"><img decoding=\"async\" loading=\"lazy\" class=\"alignnone size-full wp-image-3888\" src=\"https:\/\/evabm.se\/photo\/wp-content\/uploads\/2021\/12\/20211220_2043.jpeg\" alt=\"Kl 20:43\" width=\"800\" height=\"450\">Kl 20:43 Ja, just det. Det var ju de d\u00e4r julkorten jag inte hade fixat. S\u00e5 det fick bli Postnords Riktiga Vykort som blev r\u00e4ddaren i \u00e5r. S\u00e5 nu \u00e4r korten &#8221;skrivna&#8221; och skickade. Ja, det f\u00e5r vara allt f\u00f6r idag och f\u00f6r i \u00e5r. God Jul &amp; Gott Nytt \u00c5r!<\/p>\n","protected":false},"excerpt":{"rendered":"<p> \tIdag \u00e4r det m\u00e5ndagen den 20 december och Ett Foto I Timmen (EFIT) &#8211; ett fotoprojekt som tar en bild i timmen p\u00e5 en f\u00f6rutbest\u00e4md dag. Jag har sedan mitten av f\u00f6rra veckan varit sjukskriven med f\u00f6rkylning och hosta. Jag fick ju till slut inse att det inte heller fungerade att jobba hemifr\u00e5n n\u00e4r kroppen &#8230; <span class=\"more\"><a class=\"more-link\" href=\"https:\/\/evabm.se\/photo\/2021\/12\/20\/efit-pa-battringsvagen\/\">[Read more&#8230;]<\/a><\/span><\/p>\n","protected":false},"author":1,"featured_media":0,"comment_status":"open","ping_status":"open","sticky":false,"template":"","format":"standard","meta":{"ngg_post_thumbnail":0},"categories":[923],"tags":[1125,1080,1079,1078,1074,446,134,954,1077,1083,1075,1082,1081,568,529,989,1076,582,1084],"_links":{"self":[{"href":"https:\/\/evabm.se\/photo\/wp-json\/wp\/v2\/posts\/4332"}],"collection":[{"href":"https:\/\/evabm.se\/photo\/wp-json\/wp\/v2\/posts"}],"about":[{"href":"https:\/\/evabm.se\/photo\/wp-json\/wp\/v2\/types\/post"}],"author":[{"embeddable":true,"href":"https:\/\/evabm.se\/photo\/wp-json\/wp\/v2\/users\/1"}],"replies":[{"embeddable":true,"href":"https:\/\/evabm.se\/photo\/wp-json\/wp\/v2\/comments?post=4332"}],"version-history":[{"count":19,"href":"https:\/\/evabm.se\/photo\/wp-json\/wp\/v2\/posts\/4332\/revisions"}],"predecessor-version":[{"id":4351,"href":"https:\/\/evabm.se\/photo\/wp-json\/wp\/v2\/posts\/4332\/revisions\/4351"}],"wp:attachment":[{"href":"https:\/\/evabm.se\/photo\/wp-json\/wp\/v2\/media?parent=4332"}],"wp:term":[{"taxonomy":"category","embeddable":true,"href":"https:\/\/evabm.se\/photo\/wp-json\/wp\/v2\/categories?post=4332"},{"taxonomy":"post_tag","embeddable":true,"href":"https:\/\/evabm.se\/photo\/wp-json\/wp\/v2\/tags?post=4332"}],"curies":[{"name":"wp","href":"https:\/\/api.w.org\/{rel}","templated":true}]}}