{"id":4453,"date":"2022-01-18T17:22:42","date_gmt":"2022-01-18T15:22:42","guid":{"rendered":"http:\/\/evabm.se\/photo\/?p=4453"},"modified":"2022-07-25T23:35:41","modified_gmt":"2022-07-25T21:35:41","slug":"efit-en-tisdag-i-andra-halvan-av-januari","status":"publish","type":"post","link":"https:\/\/evabm.se\/photo\/2022\/01\/18\/efit-en-tisdag-i-andra-halvan-av-januari\/","title":{"rendered":"EFIT | En tisdag i andra halvan av januari"},"content":{"rendered":"\n<p style=\"text-align: left;\">Idag \u00e4r det tisdagen den 18 januari och <strong>Ett Foto I Timmen<\/strong> (<a href=\"http:\/\/ettfotoitimmen.se\/\" target=\"_blank\">EFIT<\/a>) &#8211; ett fotoprojekt som tar en bild i timmen p\u00e5 en f\u00f6rutbest\u00e4md dag. De \u00e5terinf\u00f6rda restriktionerna g\u00f6r att jag fr\u00e5n f\u00f6rra veckan n\u00e4r julledigheten var slut \u00e5ter igen jobbar hemifr\u00e5n. S\u00e5 f\u00f6lj med mig p\u00e5 dagens jobba-hemifr\u00e5n-dag!<\/p>\n<p style=\"text-align: left;\"><img decoding=\"async\" loading=\"lazy\" class=\"alignnone size-full wp-image-3887\" src=\"https:\/\/evabm.se\/photo\/wp-content\/uploads\/2022\/01\/20220118_0531.jpg\" alt=\"Kl 05:31\" width=\"800\" height=\"450\">Kl 05:31 God morgon! Jag har precis vaknat. Ja, jag vet att jag har stj\u00e4rnor och stakar kvar i f\u00f6nstren. Men det lyser ju upp i m\u00f6rkret, s\u00e5 jag beh\u00e5ller dem ett litet tag till&#8230;<!--more--><\/p>\n<p style=\"text-align: left;\"><img decoding=\"async\" loading=\"lazy\" class=\"alignnone size-full wp-image-3888\" src=\"https:\/\/evabm.se\/photo\/wp-content\/uploads\/2022\/01\/20220118_0615.jpg\" alt=\"Kl 06:15\" width=\"800\" height=\"450\">Kl 06:15 En dusch innan det \u00e4r dags att parkera inne p\u00e5 hemmakontoret.<\/p>\n<p style=\"text-align: left;\"><img decoding=\"async\" loading=\"lazy\" class=\"alignnone size-full wp-image-3888\" src=\"https:\/\/evabm.se\/photo\/wp-content\/uploads\/2022\/01\/20220118_0732.jpg\" alt=\"Kl 07:32\" width=\"800\" height=\"450\">Kl 07:32 Arbetsdagen \u00e4r mer \u00e4n 45 minuter gammal och vid foten av en av mina bildsk\u00e4rmar ligger denna sten med budskapet &#8221;det \u00e4r m\u00e4nskligt att fela&#8230;&#8221; och s\u00e5 st\u00e5r det n\u00e5t mer p\u00e5 baksidan. H\u00e4nger du med resten av dagen s\u00e5 kanske jag v\u00e4nder p\u00e5 den.<\/p>\n<p style=\"text-align: left;\"><img decoding=\"async\" loading=\"lazy\" class=\"alignnone size-full wp-image-3888\" src=\"https:\/\/evabm.se\/photo\/wp-content\/uploads\/2022\/01\/20220118_0831.jpg\" alt=\"Kl 08:31\" width=\"800\" height=\"450\">Kl 08:31 Okej d\u00e5, jag bjuder p\u00e5 en selfie mitt i dagens f\u00f6rsta m\u00f6te som \u00e4r daglig styrning med de n\u00e4rmaste arbetskamraterna.<\/p>\n<p style=\"text-align: left;\"><img decoding=\"async\" loading=\"lazy\" class=\"alignnone size-full wp-image-3888\" src=\"https:\/\/evabm.se\/photo\/wp-content\/uploads\/2022\/01\/20220118_0937.jpg\" alt=\"Kl 09:37\" width=\"800\" height=\"450\">Kl 09:37 H\u00f6g tid, om \u00e4n lite sent idag, f\u00f6r den andra frukosten.<\/p>\n<p style=\"text-align: left;\"><img decoding=\"async\" loading=\"lazy\" class=\"alignnone size-full wp-image-3888\" src=\"https:\/\/evabm.se\/photo\/wp-content\/uploads\/2022\/01\/20220118_1001.jpg\" alt=\"Kl 10:01\" width=\"800\" height=\"450\">Kl 10:01 Tillbaka och jobbar vidare. Ni f\u00e5r njuta av den blommande orkid\u00e9n i f\u00f6nstret bredvid mig.<\/p>\n<p style=\"text-align: left;\"><img decoding=\"async\" loading=\"lazy\" class=\"alignnone size-full wp-image-3888\" src=\"https:\/\/evabm.se\/photo\/wp-content\/uploads\/2022\/01\/20220118_1136.jpg\" alt=\"Kl 11:36\" width=\"800\" height=\"450\">Kl 11:36 Jag jobbar p\u00e5 febrilt.<\/p>\n<p style=\"text-align: left;\"><img decoding=\"async\" loading=\"lazy\" class=\"alignnone size-full wp-image-3888\" src=\"https:\/\/evabm.se\/photo\/wp-content\/uploads\/2022\/01\/20220118_1255.jpg\" alt=\"Kl 12:55\" width=\"800\" height=\"450\">Kl 12:55 \u00c4ven sen lunch idag. Kycklinggrytan jag gjorde i s\u00f6ndags. Vill du ha koll p\u00e5 receptet f\u00e5r du kolla bilden fr\u00e5n i s\u00f6ndags. Fastnar h\u00e4r i f\u00e5t\u00f6ljen och googlar runt om n\u00e5t av stans apotek har n\u00e5gra sj\u00e4lvtester covid hemma att k\u00f6pa. Men det skriker SLUT \u00f6verallt. Inte till mig sj\u00e4lv den h\u00e4r g\u00e5ngen utan till sambon som ligger hemma idag med halsont och hosta.<\/p>\n<p style=\"text-align: left;\"><img decoding=\"async\" loading=\"lazy\" class=\"alignnone size-full wp-image-3888\" src=\"https:\/\/evabm.se\/photo\/wp-content\/uploads\/2022\/01\/20220118_1348.jpg\" alt=\"Kl 13:48\" width=\"800\" height=\"450\">Kl 13:48 Jag kom i alla fall ut p\u00e5 en lunchpromenad, \u00e4ven om den ocks\u00e5 blev fasligt sen. N\u00e4stan s\u00e5 solen vill bryta igenom.<\/p>\n<p style=\"text-align: left;\"><img decoding=\"async\" loading=\"lazy\" class=\"alignnone size-full wp-image-3888\" src=\"https:\/\/evabm.se\/photo\/wp-content\/uploads\/2022\/01\/20220118_1407.jpg\" alt=\"Kl 14:07\" width=\"800\" height=\"450\">Kl 14:07 Jag hinner lagom tillbaka och kopplar upp mig med kollegorna och \u00e4r med p\u00e5 eftermiddans pausjympa. S\u00e5 jag bjuder p\u00e5 en till selfie, nu i full aktion med &#8221;kossan och katten&#8221;. Ni ser v\u00e4l s\u00e5 koncentrerad jag ser ut&#8230;<\/p>\n<p style=\"text-align: left;\"><img decoding=\"async\" loading=\"lazy\" class=\"alignnone size-full wp-image-3888\" src=\"https:\/\/evabm.se\/photo\/wp-content\/uploads\/2022\/01\/20220118_1531.jpg\" alt=\"Kl 15:31\" width=\"800\" height=\"450\">Kl 15:31 Ja, om jag skulle v\u00e4nda p\u00e5 stenen d\u00e5, s\u00e5 att ni f\u00e5r forts\u00e4ttningen. Jag ska bara jobba en dryg halvtimme till, tills jag loggar ut ur datorn.<\/p>\n<p style=\"text-align: left;\"><img decoding=\"async\" loading=\"lazy\" class=\"alignnone size-full wp-image-3888\" src=\"https:\/\/evabm.se\/photo\/wp-content\/uploads\/2022\/01\/20220118_1634.jpg\" alt=\"Kl 16:34\" width=\"800\" height=\"450\">Kl 16:34 Skiftar dator till min privata och kastar mig \u00f6ver dagens tagna bilder s\u00e5 h\u00e4r l\u00e5ngt. Har kommit ig\u00e5ng att anv\u00e4nda Adobe Bridge och granskar bilderna den v\u00e4gen. J\u00e4ttekul! D\u00e4rifr\u00e5n \u00f6ppnar jag dem sedan och redigerar i Adobe Photoshop innan de hamnar h\u00e4r.<\/p>\n<p style=\"text-align: left;\"><img decoding=\"async\" loading=\"lazy\" class=\"alignnone size-full wp-image-3888\" src=\"https:\/\/evabm.se\/photo\/wp-content\/uploads\/2022\/01\/20220118_1739.jpg\" alt=\"Kl 17:39\" width=\"800\" height=\"450\">Kl 17:39 Jag stoppar i mig ett par mackor och en kopp choklad innan jag ska iv\u00e4g p\u00e5 kv\u00e4llens aktivitet.<\/p>\n<p style=\"text-align: left;\"><img decoding=\"async\" loading=\"lazy\" class=\"alignnone size-full wp-image-3888\" src=\"https:\/\/evabm.se\/photo\/wp-content\/uploads\/2022\/01\/20220118_1819.jpg\" alt=\"Kl 18:19\" width=\"800\" height=\"450\">Kl 18:19 Jag har &#8221;landat&#8221; tv\u00e4rs \u00f6ver g\u00e5rden p\u00e5 styrelsem\u00f6tet i v\u00e5r bostadsr\u00e4ttsf\u00f6reningen. Idag har en av styrelsesuppleanterna med sig kaffe och vetel\u00e4ngd. Lite d\u00e5 och d\u00e5 brukar vi turas om och ha med oss n\u00e5t fikagott. Alltid lika trevligt.<\/p>\n<p style=\"text-align: left;\"><img decoding=\"async\" loading=\"lazy\" class=\"alignnone size-full wp-image-3888\" src=\"https:\/\/evabm.se\/photo\/wp-content\/uploads\/2022\/01\/20220118_1951.jpg\" alt=\"Kl 19:51\" width=\"800\" height=\"450\">Kl 19:51 \u00c5h, jag uppt\u00e4cker i k\u00f6ket att en av mina alla orkid\u00e9er, som inte blommat p\u00e5 l\u00e4nge, \u00e4r en av knopparna p\u00e5 v\u00e4g att sl\u00e5 ut. Minns inte riktigt vilken f\u00e4rg den har. Men det ser ut som det \u00e4r en lite annorlunda f\u00e4rg i f\u00f6rh\u00e5llande till de vanligaste. Imorgon sl\u00e5r den nog ut fullt ut. Sp\u00e4nnande!<\/p>\n<p style=\"text-align: left;\"><img decoding=\"async\" loading=\"lazy\" class=\"alignnone size-full wp-image-3888\" src=\"https:\/\/evabm.se\/photo\/wp-content\/uploads\/2022\/01\/20220118_2032.jpg\" alt=\"Kl 20:32\" width=\"800\" height=\"450\">Kl 20:32 Ja, det blev lite sl\u00f6surfande en stund. Lyckades hitta en tid f\u00f6r klassisk massage 30 min p\u00e5 torsdag kv\u00e4ll. Troligen ett \u00e5terbud de f\u00e5tt in. Den nappade jag p\u00e5.<\/p>\n<p style=\"text-align: left;\"><img decoding=\"async\" loading=\"lazy\" class=\"alignnone size-full wp-image-3888\" src=\"https:\/\/evabm.se\/photo\/wp-content\/uploads\/2022\/01\/20220118_2147.jpg\" alt=\"Kl 21:47\" width=\"800\" height=\"450\">Kl 21:47 Jag s\u00e4tter mig ner en stund och reflekterar \u00f6ver idag. Jag fyller i n\u00e5gra korta anteckningar f\u00f6r 18 januari i helgens nyink\u00f6pta kalender f\u00f6r 2022. Det f\u00e5r bli sista bilden f\u00f6r idag s\u00e5 ska jag publicera kv\u00e4llens tagna bilder. P\u00e5 \u00e5terh\u00f6rande den 9 februari!<\/p>\n","protected":false},"excerpt":{"rendered":"<p> \tIdag \u00e4r det tisdagen den 18 januari och Ett Foto I Timmen (EFIT) &#8211; ett fotoprojekt som tar en bild i timmen p\u00e5 en f\u00f6rutbest\u00e4md dag. De \u00e5terinf\u00f6rda restriktionerna g\u00f6r att jag fr\u00e5n f\u00f6rra veckan n\u00e4r julledigheten var slut \u00e5ter igen jobbar hemifr\u00e5n. S\u00e5 f\u00f6lj med mig p\u00e5 dagens jobba-hemifr\u00e5n-dag! Kl 05:31 God morgon! Jag &#8230; <span class=\"more\"><a class=\"more-link\" href=\"https:\/\/evabm.se\/photo\/2022\/01\/18\/efit-en-tisdag-i-andra-halvan-av-januari\/\">[Read more&#8230;]<\/a><\/span><\/p>\n","protected":false},"author":1,"featured_media":0,"comment_status":"open","ping_status":"open","sticky":false,"template":"","format":"standard","meta":{"ngg_post_thumbnail":0},"categories":[1085],"tags":[162,1148,1147,1152,1145,1139,446,1142,134,388,954,1146,1153,1149,248,1150,1151,107,427,1143,1011,1144],"_links":{"self":[{"href":"https:\/\/evabm.se\/photo\/wp-json\/wp\/v2\/posts\/4453"}],"collection":[{"href":"https:\/\/evabm.se\/photo\/wp-json\/wp\/v2\/posts"}],"about":[{"href":"https:\/\/evabm.se\/photo\/wp-json\/wp\/v2\/types\/post"}],"author":[{"embeddable":true,"href":"https:\/\/evabm.se\/photo\/wp-json\/wp\/v2\/users\/1"}],"replies":[{"embeddable":true,"href":"https:\/\/evabm.se\/photo\/wp-json\/wp\/v2\/comments?post=4453"}],"version-history":[{"count":15,"href":"https:\/\/evabm.se\/photo\/wp-json\/wp\/v2\/posts\/4453\/revisions"}],"predecessor-version":[{"id":4472,"href":"https:\/\/evabm.se\/photo\/wp-json\/wp\/v2\/posts\/4453\/revisions\/4472"}],"wp:attachment":[{"href":"https:\/\/evabm.se\/photo\/wp-json\/wp\/v2\/media?parent=4453"}],"wp:term":[{"taxonomy":"category","embeddable":true,"href":"https:\/\/evabm.se\/photo\/wp-json\/wp\/v2\/categories?post=4453"},{"taxonomy":"post_tag","embeddable":true,"href":"https:\/\/evabm.se\/photo\/wp-json\/wp\/v2\/tags?post=4453"}],"curies":[{"name":"wp","href":"https:\/\/api.w.org\/{rel}","templated":true}]}}