{"id":4521,"date":"2022-01-28T13:25:19","date_gmt":"2022-01-28T12:25:19","guid":{"rendered":"http:\/\/evabm.se\/photo\/?p=4521"},"modified":"2022-07-14T23:32:33","modified_gmt":"2022-07-14T21:32:33","slug":"dagens-bild-flaggdag","status":"publish","type":"post","link":"https:\/\/evabm.se\/photo\/2022\/01\/28\/dagens-bild-flaggdag\/","title":{"rendered":"Dagens bild | Flaggdag!!!"},"content":{"rendered":"\n<p style=\"text-align: left;\"><img decoding=\"async\" loading=\"lazy\" class=\"alignnone size-full wp-image-3888\" src=\"https:\/\/evabm.se\/photo\/wp-content\/uploads\/2022\/01\/20220128_1325.jpg\" alt=\"\" width=\"800\" height=\"450\">S\u00f6derstaden, kl 13:25 den 28 januari 2022. Hemma p\u00e5 innerg\u00e5rden vajar flaggorna p\u00e5 konungens namnsdag. Idag \u00e4r det Karl.<\/p>\n","protected":false},"excerpt":{"rendered":"<p> \tS\u00f6derstaden, kl 13:25 den 28 januari 2022. Hemma p\u00e5 innerg\u00e5rden vajar flaggorna p\u00e5 konungens namnsdag. Idag \u00e4r det Karl.<\/p>\n","protected":false},"author":1,"featured_media":0,"comment_status":"open","ping_status":"open","sticky":false,"template":"","format":"standard","meta":{"ngg_post_thumbnail":0},"categories":[1091,59],"tags":[196,515,1171,1172,136,514,1105],"_links":{"self":[{"href":"https:\/\/evabm.se\/photo\/wp-json\/wp\/v2\/posts\/4521"}],"collection":[{"href":"https:\/\/evabm.se\/photo\/wp-json\/wp\/v2\/posts"}],"about":[{"href":"https:\/\/evabm.se\/photo\/wp-json\/wp\/v2\/types\/post"}],"author":[{"embeddable":true,"href":"https:\/\/evabm.se\/photo\/wp-json\/wp\/v2\/users\/1"}],"replies":[{"embeddable":true,"href":"https:\/\/evabm.se\/photo\/wp-json\/wp\/v2\/comments?post=4521"}],"version-history":[{"count":3,"href":"https:\/\/evabm.se\/photo\/wp-json\/wp\/v2\/posts\/4521\/revisions"}],"predecessor-version":[{"id":4524,"href":"https:\/\/evabm.se\/photo\/wp-json\/wp\/v2\/posts\/4521\/revisions\/4524"}],"wp:attachment":[{"href":"https:\/\/evabm.se\/photo\/wp-json\/wp\/v2\/media?parent=4521"}],"wp:term":[{"taxonomy":"category","embeddable":true,"href":"https:\/\/evabm.se\/photo\/wp-json\/wp\/v2\/categories?post=4521"},{"taxonomy":"post_tag","embeddable":true,"href":"https:\/\/evabm.se\/photo\/wp-json\/wp\/v2\/tags?post=4521"}],"curies":[{"name":"wp","href":"https:\/\/api.w.org\/{rel}","templated":true}]}}