{"id":4785,"date":"2022-03-08T13:05:11","date_gmt":"2022-03-08T12:05:11","guid":{"rendered":"http:\/\/evabm.se\/photo\/?p=4785"},"modified":"2022-07-14T23:31:51","modified_gmt":"2022-07-14T21:31:51","slug":"dagens-bild-var-i-luften","status":"publish","type":"post","link":"https:\/\/evabm.se\/photo\/2022\/03\/08\/dagens-bild-var-i-luften\/","title":{"rendered":"Dagens bild | V\u00e5r i luften"},"content":{"rendered":"\n<p style=\"text-align: left;\"><img decoding=\"async\" loading=\"lazy\" class=\"alignnone size-full wp-image-3888\" src=\"https:\/\/evabm.se\/photo\/wp-content\/uploads\/2022\/03\/20220308_1305.jpg\" alt=\"\" width=\"800\" height=\"450\">S\u00f6der Tull, kl 13:05 den 8 mars 2022. Javisst, k\u00e4nns det som v\u00e5r i luften! Sol och f\u00e5gelkvitter som v\u00e4rmer sj\u00e4len p\u00e5 dagens lunchrunda p\u00e5 hemmaplan.<\/p>\n","protected":false},"excerpt":{"rendered":"<p> \tS\u00f6der Tull, kl 13:05 den 8 mars 2022. Javisst, k\u00e4nns det som v\u00e5r i luften! Sol och f\u00e5gelkvitter som v\u00e4rmer sj\u00e4len p\u00e5 dagens lunchrunda p\u00e5 hemmaplan.<\/p>\n","protected":false},"author":1,"featured_media":0,"comment_status":"open","ping_status":"open","sticky":false,"template":"","format":"standard","meta":{"ngg_post_thumbnail":0},"categories":[1091,59],"tags":[281,1165,552],"_links":{"self":[{"href":"https:\/\/evabm.se\/photo\/wp-json\/wp\/v2\/posts\/4785"}],"collection":[{"href":"https:\/\/evabm.se\/photo\/wp-json\/wp\/v2\/posts"}],"about":[{"href":"https:\/\/evabm.se\/photo\/wp-json\/wp\/v2\/types\/post"}],"author":[{"embeddable":true,"href":"https:\/\/evabm.se\/photo\/wp-json\/wp\/v2\/users\/1"}],"replies":[{"embeddable":true,"href":"https:\/\/evabm.se\/photo\/wp-json\/wp\/v2\/comments?post=4785"}],"version-history":[{"count":3,"href":"https:\/\/evabm.se\/photo\/wp-json\/wp\/v2\/posts\/4785\/revisions"}],"predecessor-version":[{"id":4788,"href":"https:\/\/evabm.se\/photo\/wp-json\/wp\/v2\/posts\/4785\/revisions\/4788"}],"wp:attachment":[{"href":"https:\/\/evabm.se\/photo\/wp-json\/wp\/v2\/media?parent=4785"}],"wp:term":[{"taxonomy":"category","embeddable":true,"href":"https:\/\/evabm.se\/photo\/wp-json\/wp\/v2\/categories?post=4785"},{"taxonomy":"post_tag","embeddable":true,"href":"https:\/\/evabm.se\/photo\/wp-json\/wp\/v2\/tags?post=4785"}],"curies":[{"name":"wp","href":"https:\/\/api.w.org\/{rel}","templated":true}]}}