{"id":515,"date":"2013-01-14T21:50:02","date_gmt":"2013-01-14T20:50:02","guid":{"rendered":"http:\/\/evabm.se\/photo\/?p=515"},"modified":"2014-12-30T22:05:54","modified_gmt":"2014-12-30T21:05:54","slug":"fototriss-del-204-sa-har-ser-det-ut-dar-jag-ar","status":"publish","type":"post","link":"https:\/\/evabm.se\/photo\/2013\/01\/14\/fototriss-del-204-sa-har-ser-det-ut-dar-jag-ar\/","title":{"rendered":"Fototriss del 204: S\u00e5 h\u00e4r ser det ut d\u00e4r jag \u00e4r"},"content":{"rendered":"<p> \tPremi\u00e4r f\u00f6r mig att delta i fotoutmaningen <a href=\"http:\/\/fototriss.blogspot.se\/\" target=\"_blank\"><strong>Fototriss<\/strong><\/a>. Denna veckas tema, som \u00e4r det 204:e i ordningen, handlar om att ta tre bilder p\u00e5 <a href=\"http:\/\/fototriss.blogspot.se\/2013\/01\/fototriss-del-204-sa-har-ser-det-ut-dar.html\" target=\"_blank\"><strong>s\u00e5 h\u00e4r ser det ut d\u00e4r jag \u00e4r<\/strong><\/a>. Det \u00e4r tydligen ett \u00e5terkommande tema fyra g\u00e5nger om \u00e5ret f\u00f6r att skildra de fyra \u00e5rstiderna. Jag valde att illustrera vinter med tre bilder tagna i s\u00f6ndags eftermiddag\u00a0fr\u00e5n v\u00e5r innerg\u00e5rd d\u00e4r vi bor.<\/p>\n<div id=\"attachment_521\" style=\"width: 730px\" class=\"wp-caption alignnone\"><img aria-describedby=\"caption-attachment-521\" decoding=\"async\" loading=\"lazy\" class=\"size-full wp-image-521\" alt=\"S\u00f6derstaden kl 14:57 den 13 januari 2013.\" src=\"https:\/\/evabm.se\/photo\/wp-content\/uploads\/2013\/01\/Fototriss_del204_20130113_145750-Nikon-D90.jpg\" width=\"720\" height=\"478\" srcset=\"https:\/\/evabm.se\/photo\/wp-content\/uploads\/2013\/01\/Fototriss_del204_20130113_145750-Nikon-D90.jpg 720w, https:\/\/evabm.se\/photo\/wp-content\/uploads\/2013\/01\/Fototriss_del204_20130113_145750-Nikon-D90-300x199.jpg 300w\" sizes=\"(max-width: 720px) 100vw, 720px\" \/><p id=\"caption-attachment-521\" class=\"wp-caption-text\">S\u00f6derstaden kl 14:57 den 13 januari 2013.<\/p><\/div>\n<p><!--more--><\/p>\n<div id=\"attachment_523\" style=\"width: 730px\" class=\"wp-caption alignnone\"><img aria-describedby=\"caption-attachment-523\" decoding=\"async\" loading=\"lazy\" class=\"size-full wp-image-523\" alt=\"S\u00f6derstaden kl 14:59 den 13 januari 2013.\" src=\"https:\/\/evabm.se\/photo\/wp-content\/uploads\/2013\/01\/Fototriss_del204_20130113_145910-Nikon-D90.jpg\" width=\"720\" height=\"868\" srcset=\"https:\/\/evabm.se\/photo\/wp-content\/uploads\/2013\/01\/Fototriss_del204_20130113_145910-Nikon-D90.jpg 720w, https:\/\/evabm.se\/photo\/wp-content\/uploads\/2013\/01\/Fototriss_del204_20130113_145910-Nikon-D90-248x300.jpg 248w\" sizes=\"(max-width: 720px) 100vw, 720px\" \/><p id=\"caption-attachment-523\" class=\"wp-caption-text\">S\u00f6derstaden kl 14:59 den 13 januari 2013.<\/p><\/div>\n<div id=\"attachment_522\" style=\"width: 730px\" class=\"wp-caption alignnone\"><img aria-describedby=\"caption-attachment-522\" decoding=\"async\" loading=\"lazy\" class=\"size-full wp-image-522\" alt=\"S\u00f6derstaden kl 14:58 den 13 januari 2013.\" src=\"https:\/\/evabm.se\/photo\/wp-content\/uploads\/2013\/01\/Fototriss_del204_20130113_145838-Nikon-D90.jpg\" width=\"720\" height=\"478\" srcset=\"https:\/\/evabm.se\/photo\/wp-content\/uploads\/2013\/01\/Fototriss_del204_20130113_145838-Nikon-D90.jpg 720w, https:\/\/evabm.se\/photo\/wp-content\/uploads\/2013\/01\/Fototriss_del204_20130113_145838-Nikon-D90-300x199.jpg 300w\" sizes=\"(max-width: 720px) 100vw, 720px\" \/><p id=\"caption-attachment-522\" class=\"wp-caption-text\">S\u00f6derstaden kl 14:58 den 13 januari 2013.<\/p><\/div>\n","protected":false},"excerpt":{"rendered":"<p> \tPremi\u00e4r f\u00f6r mig att delta i fotoutmaningen Fototriss. Denna veckas tema, som \u00e4r det 204:e i ordningen, handlar om att ta tre bilder p\u00e5 s\u00e5 h\u00e4r ser det ut d\u00e4r jag \u00e4r. Det \u00e4r tydligen ett \u00e5terkommande tema fyra g\u00e5nger om \u00e5ret f\u00f6r att skildra de fyra \u00e5rstiderna. Jag valde att illustrera vinter med tre &#8230; <span class=\"more\"><a class=\"more-link\" href=\"https:\/\/evabm.se\/photo\/2013\/01\/14\/fototriss-del-204-sa-har-ser-det-ut-dar-jag-ar\/\">[Read more&#8230;]<\/a><\/span><\/p>\n","protected":false},"author":1,"featured_media":0,"comment_status":"open","ping_status":"open","sticky":false,"template":"","format":"image","meta":{"ngg_post_thumbnail":0},"categories":[127],"tags":[136,137,135,116],"_links":{"self":[{"href":"https:\/\/evabm.se\/photo\/wp-json\/wp\/v2\/posts\/515"}],"collection":[{"href":"https:\/\/evabm.se\/photo\/wp-json\/wp\/v2\/posts"}],"about":[{"href":"https:\/\/evabm.se\/photo\/wp-json\/wp\/v2\/types\/post"}],"author":[{"embeddable":true,"href":"https:\/\/evabm.se\/photo\/wp-json\/wp\/v2\/users\/1"}],"replies":[{"embeddable":true,"href":"https:\/\/evabm.se\/photo\/wp-json\/wp\/v2\/comments?post=515"}],"version-history":[{"count":15,"href":"https:\/\/evabm.se\/photo\/wp-json\/wp\/v2\/posts\/515\/revisions"}],"predecessor-version":[{"id":532,"href":"https:\/\/evabm.se\/photo\/wp-json\/wp\/v2\/posts\/515\/revisions\/532"}],"wp:attachment":[{"href":"https:\/\/evabm.se\/photo\/wp-json\/wp\/v2\/media?parent=515"}],"wp:term":[{"taxonomy":"category","embeddable":true,"href":"https:\/\/evabm.se\/photo\/wp-json\/wp\/v2\/categories?post=515"},{"taxonomy":"post_tag","embeddable":true,"href":"https:\/\/evabm.se\/photo\/wp-json\/wp\/v2\/tags?post=515"}],"curies":[{"name":"wp","href":"https:\/\/api.w.org\/{rel}","templated":true}]}}