{"id":5564,"date":"2022-07-22T21:00:15","date_gmt":"2022-07-22T19:00:15","guid":{"rendered":"http:\/\/evabm.se\/photo\/?p=5564"},"modified":"2022-09-12T23:14:11","modified_gmt":"2022-09-12T21:14:11","slug":"vackra-carl-johans-park","status":"publish","type":"post","link":"https:\/\/evabm.se\/photo\/2022\/07\/22\/vackra-carl-johans-park\/","title":{"rendered":"Vackra Carl Johans park"},"content":{"rendered":"\n<p style=\"text-align: left;\">N\u00e4r jag kom hem tidigare idag fr\u00e5n bes\u00f6ket hos min syster s\u00e5 var det hela sju minuter kvar innan sp\u00e5rvagnen skulle g\u00e5 nere fr\u00e5n resecentrum. S\u00e5 jag orkade inte v\u00e4nta utan jag gick sakta hem\u00e5t via den vackra Carl Johans park och nj\u00f6t av de vackra planteringarna.<\/p>\n<p style=\"text-align: left;\"><img decoding=\"async\" loading=\"lazy\" class=\"alignnone size-full wp-image-3887\" src=\"https:\/\/evabm.se\/photo\/wp-content\/uploads\/2022\/07\/20220722_1146.jpg\" alt=\"Carl Johans park fr\u00e5n Norra promenaden\" width=\"800\" height=\"450\">Ing\u00e5ngen fr\u00e5n Norra promenaden nere vid resecentrum till parken med den fina delfinfont\u00e4nen lite l\u00e4ngre fram.<!--more--><\/p>\n<p style=\"text-align: left;\"><img decoding=\"async\" loading=\"lazy\" class=\"alignnone size-full wp-image-3888\" src=\"https:\/\/evabm.se\/photo\/wp-content\/uploads\/2022\/07\/20220722_1149.jpg\" alt=\"Carl Johans park fr\u00e5n Slottsgatan\" width=\"800\" height=\"450\">Den andra delen efter att jag har passerat Slottsgatan med statyn f\u00f6rest\u00e4llande Carl XIV Johan.<\/p>\n<p style=\"text-align: left;\"><img decoding=\"async\" loading=\"lazy\" class=\"alignnone size-full wp-image-3888\" src=\"https:\/\/evabm.se\/photo\/wp-content\/uploads\/2022\/07\/20220722_1152.jpg\" alt=\"Kaktusplanteringen\" width=\"800\" height=\"450\">Slutligen allra sist i parken finns sev\u00e4rdheten Kaktusplanteringen &#8211; en \u00e5terkommande tradition sedan 1926. Den&nbsp;best\u00e5r av 25000 v\u00e4xter som planteras ut fr\u00e5n maj m\u00e5nad. Planteringen \u00e4r Sveriges \u00e4ldsta motivgrupp och har ett nytt motiv varje \u00e5r. F\u00f6retag och organisationer som firar minst 50 \u00e5r f\u00e5r ans\u00f6ka om att f\u00e5 sitt emblem h\u00e4r. \u00c5rets motiv \u00e4r <a href=\"https:\/\/sv.wikipedia.org\/wiki\/Tropicarium_Kolm%C3%A5rden\" target=\"_blank\">Tropicarium<\/a> 50 \u00e5r.<\/p>\n","protected":false},"excerpt":{"rendered":"<p> \tN\u00e4r jag kom hem tidigare idag fr\u00e5n bes\u00f6ket hos min syster s\u00e5 var det hela sju minuter kvar innan sp\u00e5rvagnen skulle g\u00e5 nere fr\u00e5n resecentrum. S\u00e5 jag orkade inte v\u00e4nta utan jag gick sakta hem\u00e5t via den vackra Carl Johans park och nj\u00f6t av de vackra planteringarna. Ing\u00e5ngen fr\u00e5n Norra promenaden nere vid resecentrum till &#8230; <span class=\"more\"><a class=\"more-link\" href=\"https:\/\/evabm.se\/photo\/2022\/07\/22\/vackra-carl-johans-park\/\">[Read more&#8230;]<\/a><\/span><\/p>\n","protected":false},"author":1,"featured_media":0,"comment_status":"open","ping_status":"open","sticky":false,"template":"","format":"standard","meta":{"ngg_post_thumbnail":0},"categories":[363,59],"tags":[847,390,1515,359,1516],"_links":{"self":[{"href":"https:\/\/evabm.se\/photo\/wp-json\/wp\/v2\/posts\/5564"}],"collection":[{"href":"https:\/\/evabm.se\/photo\/wp-json\/wp\/v2\/posts"}],"about":[{"href":"https:\/\/evabm.se\/photo\/wp-json\/wp\/v2\/types\/post"}],"author":[{"embeddable":true,"href":"https:\/\/evabm.se\/photo\/wp-json\/wp\/v2\/users\/1"}],"replies":[{"embeddable":true,"href":"https:\/\/evabm.se\/photo\/wp-json\/wp\/v2\/comments?post=5564"}],"version-history":[{"count":4,"href":"https:\/\/evabm.se\/photo\/wp-json\/wp\/v2\/posts\/5564\/revisions"}],"predecessor-version":[{"id":5569,"href":"https:\/\/evabm.se\/photo\/wp-json\/wp\/v2\/posts\/5564\/revisions\/5569"}],"wp:attachment":[{"href":"https:\/\/evabm.se\/photo\/wp-json\/wp\/v2\/media?parent=5564"}],"wp:term":[{"taxonomy":"category","embeddable":true,"href":"https:\/\/evabm.se\/photo\/wp-json\/wp\/v2\/categories?post=5564"},{"taxonomy":"post_tag","embeddable":true,"href":"https:\/\/evabm.se\/photo\/wp-json\/wp\/v2\/tags?post=5564"}],"curies":[{"name":"wp","href":"https:\/\/api.w.org\/{rel}","templated":true}]}}