{"id":5613,"date":"2022-07-23T23:45:25","date_gmt":"2022-07-23T21:45:25","guid":{"rendered":"http:\/\/evabm.se\/photo\/?p=5613"},"modified":"2022-09-12T23:14:11","modified_gmt":"2022-09-12T21:14:11","slug":"efit-semesterlordag","status":"publish","type":"post","link":"https:\/\/evabm.se\/photo\/2022\/07\/23\/efit-semesterlordag\/","title":{"rendered":"EFIT | Semesterl\u00f6rdag"},"content":{"rendered":"\n<p style=\"text-align: left;\">Idag \u00e4r det l\u00f6rdagen den 23 juli och <strong>Ett Foto I Timmen<\/strong> (<a href=\"http:\/\/ettfotoitimmen.se\/\" target=\"_blank\">EFIT<\/a>) &#8211; ett fotoprojekt som tar en bild i timmen p\u00e5 en f\u00f6rutbest\u00e4md dag. H\u00e4ng med p\u00e5 min semesterl\u00f6rdag!<\/p>\n<p style=\"text-align: left;\"><img decoding=\"async\" loading=\"lazy\" class=\"alignnone size-full wp-image-3887\" src=\"https:\/\/evabm.se\/photo\/wp-content\/uploads\/2022\/07\/20220723_0800.jpg\" alt=\"Kl 08:00\" width=\"800\" height=\"450\">Kl 08:00 God morgon till en ny dag.<!--more--><\/p>\n<p style=\"text-align: left;\"><img decoding=\"async\" loading=\"lazy\" class=\"alignnone size-full wp-image-3888\" src=\"https:\/\/evabm.se\/photo\/wp-content\/uploads\/2022\/07\/20220723_0915.jpg\" alt=\"Kl 09:15\" width=\"800\" height=\"450\">Kl 09:15 Dags att ta en dusch.<\/p>\n<p style=\"text-align: left;\"><img decoding=\"async\" loading=\"lazy\" class=\"alignnone size-full wp-image-3888\" src=\"https:\/\/evabm.se\/photo\/wp-content\/uploads\/2022\/07\/20220723_1041.jpg\" alt=\"Kl 10:41\" width=\"800\" height=\"450\">Kl 10:41 Plockat ur diskmaskinen och st\u00e4ller in tallrikarna i sk\u00e5pet.<\/p>\n<p style=\"text-align: left;\"><img decoding=\"async\" loading=\"lazy\" class=\"alignnone size-full wp-image-3888\" src=\"https:\/\/evabm.se\/photo\/wp-content\/uploads\/2022\/07\/20220723_1114.jpg\" alt=\"Kl 11:14\" width=\"800\" height=\"450\">Kl 11:14 Redo f\u00f6r en h\u00e4rlig l\u00f6rdagsfrukost med bland annat kokta \u00e4gg, jordgubbar och egenplockade bl\u00e5b\u00e4r (av sambon).<\/p>\n<p style=\"text-align: left;\"><img decoding=\"async\" loading=\"lazy\" class=\"alignnone size-full wp-image-3888\" src=\"https:\/\/evabm.se\/photo\/wp-content\/uploads\/2022\/07\/20220723_1224.jpg\" alt=\"Kl 12:24\" width=\"800\" height=\"450\">Kl 12:24 En stund efter frukost blir det en kopp kaffe.<\/p>\n<p style=\"text-align: left;\"><img decoding=\"async\" loading=\"lazy\" class=\"alignnone size-full wp-image-3888\" src=\"https:\/\/evabm.se\/photo\/wp-content\/uploads\/2022\/07\/20220723_1354.jpg\" alt=\"Kl 13:54\" width=\"800\" height=\"450\">Kl 13:54 P\u00e5 v\u00e4g ut f\u00f6r en liten utflykt.<\/p>\n<p style=\"text-align: left;\"><img decoding=\"async\" loading=\"lazy\" class=\"alignnone size-full wp-image-3888\" src=\"https:\/\/evabm.se\/photo\/wp-content\/uploads\/2022\/07\/20220723_1428.jpg\" alt=\"Kl 14:28\" width=\"800\" height=\"450\">Kl 14:28 Vi b\u00f6rjar med att \u00e4ta sommarlunch p\u00e5 <a href=\"https:\/\/sbrunn.se\/\" target=\"_blank\">S\u00f6derk\u00f6pings Brunn<\/a>. Riktigt smarrigt med stekt hel r\u00f6dsp\u00e4tta serverad med r\u00e4kor, ostronskivling, citrondillsm\u00f6r och dillkokt f\u00e4rskpotatis.<\/p>\n<p style=\"text-align: left;\"><img decoding=\"async\" loading=\"lazy\" class=\"alignnone size-full wp-image-3888\" src=\"https:\/\/evabm.se\/photo\/wp-content\/uploads\/2022\/07\/20220723_1511.jpg\" alt=\"Kl 15:11\" width=\"800\" height=\"450\">Kl 15:11 Avslutar lunchen med en kopp kaffe och en kaka.<\/p>\n<p style=\"text-align: left;\"><img decoding=\"async\" loading=\"lazy\" class=\"alignnone size-full wp-image-3888\" src=\"https:\/\/evabm.se\/photo\/wp-content\/uploads\/2022\/07\/20220723_1604.jpg\" alt=\"Kl 16:04\" width=\"800\" height=\"450\">Kl 16:04 Vi l\u00e4mnar brunnen och g\u00e5r upp till kanalen och g\u00e5r \u00f6ver via slussen till andra sidan och tar kanalbanken bort till kanalbron. P\u00e5 v\u00e4gen dit m\u00f6ter vi tre segelb\u00e5tar som precis har passerat bron. Fler bilder fr\u00e5n v\u00e5r utflykt finns i det separata inl\u00e4gget <a href=\"https:\/\/evabm.se\/photo\/2022\/07\/23\/semesterutflykt\/\" target=\"_blank\">Semesterutflykt<\/a>.<\/p>\n<p style=\"text-align: left;\"><img decoding=\"async\" loading=\"lazy\" class=\"alignnone size-full wp-image-3888\" src=\"https:\/\/evabm.se\/photo\/wp-content\/uploads\/2022\/07\/20220723_1745.jpg\" alt=\"Kl 17:45\" width=\"800\" height=\"450\">Kl 17:45 Hemma igen s\u00e5 l\u00e4gger jag i en omg\u00e5ng tv\u00e4tt.<\/p>\n<p style=\"text-align: left;\"><img decoding=\"async\" loading=\"lazy\" class=\"alignnone size-full wp-image-3888\" src=\"https:\/\/evabm.se\/photo\/wp-content\/uploads\/2022\/07\/20220723_1843.jpg\" alt=\"Kl 18:43\" width=\"800\" height=\"450\">Kl 18:43 H\u00e4nger upp tv\u00e4tten.<\/p>\n<p style=\"text-align: left;\"><img decoding=\"async\" loading=\"lazy\" class=\"alignnone size-full wp-image-3888\" src=\"https:\/\/evabm.se\/photo\/wp-content\/uploads\/2022\/07\/20220723_1913.jpg\" alt=\"Kl 19:13\" width=\"800\" height=\"450\">Kl 19:13 N\u00e4r jag var hos syrran i torsdags hade hon hittat i g\u00f6mmorna en p\u00e5se som stod kvar med lite saker efter mamma och pappa. I den hittade hon b\u00e5de ett skolh\u00e4fte med svensk uppsats fr\u00e5n mammas tid i realskolan p\u00e5 50-talet och s\u00e5 den h\u00e4r dikten som mamma hade skrivit blott 17 \u00e5r gammal. Vi hade ingen aning om detta. S\u00e5 det var en trevlig \u00f6verraskning.<\/p>\n<p style=\"text-align: left;\"><img decoding=\"async\" loading=\"lazy\" class=\"alignnone size-full wp-image-3888\" src=\"https:\/\/evabm.se\/photo\/wp-content\/uploads\/2022\/07\/20220723_2058.jpg\" alt=\"Kl 20:58\" width=\"800\" height=\"450\">Kl 20:58 M\u00e4tta efter sommarlunchen blir det bara lite ost &#038; kex med jordgubbar p\u00e5 kv\u00e4llskvisten.<\/p>\n<p style=\"text-align: left;\"><img decoding=\"async\" loading=\"lazy\" class=\"alignnone size-full wp-image-3888\" src=\"https:\/\/evabm.se\/photo\/wp-content\/uploads\/2022\/07\/20220723_2149.jpg\" alt=\"Kl 21:49\" width=\"800\" height=\"450\">Kl 21:49 Dags att v\u00e4lja ut vilka bilder av dagens tagna som ska bli en del av EFIT-dagen och sedan s\u00e4tta ig\u00e5ng och bildredigera.<\/p>\n","protected":false},"excerpt":{"rendered":"<p> \tIdag \u00e4r det l\u00f6rdagen den 23 juli och Ett Foto I Timmen (EFIT) &#8211; ett fotoprojekt som tar en bild i timmen p\u00e5 en f\u00f6rutbest\u00e4md dag. H\u00e4ng med p\u00e5 min semesterl\u00f6rdag! Kl 08:00 God morgon till en ny dag.<\/p>\n","protected":false},"author":1,"featured_media":0,"comment_status":"open","ping_status":"open","sticky":false,"template":"","format":"standard","meta":{"ngg_post_thumbnail":0},"categories":[1085],"tags":[848,1147,1215,1546,1429,1543,388,954,1315,38,568,1229,282,1309,763,248,69,920,1545,359,1544,450],"_links":{"self":[{"href":"https:\/\/evabm.se\/photo\/wp-json\/wp\/v2\/posts\/5613"}],"collection":[{"href":"https:\/\/evabm.se\/photo\/wp-json\/wp\/v2\/posts"}],"about":[{"href":"https:\/\/evabm.se\/photo\/wp-json\/wp\/v2\/types\/post"}],"author":[{"embeddable":true,"href":"https:\/\/evabm.se\/photo\/wp-json\/wp\/v2\/users\/1"}],"replies":[{"embeddable":true,"href":"https:\/\/evabm.se\/photo\/wp-json\/wp\/v2\/comments?post=5613"}],"version-history":[{"count":37,"href":"https:\/\/evabm.se\/photo\/wp-json\/wp\/v2\/posts\/5613\/revisions"}],"predecessor-version":[{"id":5651,"href":"https:\/\/evabm.se\/photo\/wp-json\/wp\/v2\/posts\/5613\/revisions\/5651"}],"wp:attachment":[{"href":"https:\/\/evabm.se\/photo\/wp-json\/wp\/v2\/media?parent=5613"}],"wp:term":[{"taxonomy":"category","embeddable":true,"href":"https:\/\/evabm.se\/photo\/wp-json\/wp\/v2\/categories?post=5613"},{"taxonomy":"post_tag","embeddable":true,"href":"https:\/\/evabm.se\/photo\/wp-json\/wp\/v2\/tags?post=5613"}],"curies":[{"name":"wp","href":"https:\/\/api.w.org\/{rel}","templated":true}]}}