{"id":6266,"date":"2022-11-09T13:18:00","date_gmt":"2022-11-09T11:18:00","guid":{"rendered":"http:\/\/evabm.se\/photo\/?p=6266"},"modified":"2022-12-07T21:38:30","modified_gmt":"2022-12-07T19:38:30","slug":"dagens-bild-den-dammen","status":"publish","type":"post","link":"https:\/\/evabm.se\/photo\/2022\/11\/09\/dagens-bild-den-dammen\/","title":{"rendered":"Dagens bild | Den dammen"},"content":{"rendered":" \t\n<p style=\"text-align: left;\"><img decoding=\"async\" loading=\"lazy\" class=\"alignnone size-full wp-image-3888\" src=\"https:\/\/evabm.se\/photo\/wp-content\/uploads\/2022\/11\/20221109_1318.jpg\" alt=\"\" width=\"800\" height=\"450\">Tannefors, kl 13:18 den 9 november 2022. Den dammen har blivit f\u00f6revigad m\u00e5nga g\u00e5nger. \u00c4ven denna dag och p\u00e5 dagens lunchpromenad.<\/p>\n","protected":false},"excerpt":{"rendered":"<p> \tTannefors, kl 13:18 den 9 november 2022. Den dammen har blivit f\u00f6revigad m\u00e5nga g\u00e5nger. \u00c4ven denna dag och p\u00e5 dagens lunchpromenad.<\/p>\n","protected":false},"author":1,"featured_media":0,"comment_status":"open","ping_status":"open","sticky":false,"template":"","format":"standard","meta":{"ngg_post_thumbnail":0},"categories":[1091,114],"tags":[1715,122,1533,124,781,121,123],"_links":{"self":[{"href":"https:\/\/evabm.se\/photo\/wp-json\/wp\/v2\/posts\/6266"}],"collection":[{"href":"https:\/\/evabm.se\/photo\/wp-json\/wp\/v2\/posts"}],"about":[{"href":"https:\/\/evabm.se\/photo\/wp-json\/wp\/v2\/types\/post"}],"author":[{"embeddable":true,"href":"https:\/\/evabm.se\/photo\/wp-json\/wp\/v2\/users\/1"}],"replies":[{"embeddable":true,"href":"https:\/\/evabm.se\/photo\/wp-json\/wp\/v2\/comments?post=6266"}],"version-history":[{"count":2,"href":"https:\/\/evabm.se\/photo\/wp-json\/wp\/v2\/posts\/6266\/revisions"}],"predecessor-version":[{"id":6268,"href":"https:\/\/evabm.se\/photo\/wp-json\/wp\/v2\/posts\/6266\/revisions\/6268"}],"wp:attachment":[{"href":"https:\/\/evabm.se\/photo\/wp-json\/wp\/v2\/media?parent=6266"}],"wp:term":[{"taxonomy":"category","embeddable":true,"href":"https:\/\/evabm.se\/photo\/wp-json\/wp\/v2\/categories?post=6266"},{"taxonomy":"post_tag","embeddable":true,"href":"https:\/\/evabm.se\/photo\/wp-json\/wp\/v2\/tags?post=6266"}],"curies":[{"name":"wp","href":"https:\/\/api.w.org\/{rel}","templated":true}]}}