{"id":6270,"date":"2022-11-09T21:26:00","date_gmt":"2022-11-09T19:26:00","guid":{"rendered":"http:\/\/evabm.se\/photo\/?p=6270"},"modified":"2022-12-07T22:28:09","modified_gmt":"2022-12-07T20:28:09","slug":"efit-en-onsdag-i-november","status":"publish","type":"post","link":"https:\/\/evabm.se\/photo\/2022\/11\/09\/efit-en-onsdag-i-november\/","title":{"rendered":"EFIT | En onsdag i november"},"content":{"rendered":" \t\n<p style=\"text-align: left;\">Idag \u00e4r det onsdagen den 9 november och <strong>Ett Foto I Timmen<\/strong> (<a href=\"http:\/\/ettfotoitimmen.se\/\" target=\"_blank\" rel=\"noopener\">EFIT<\/a>) &#8211; ett fotoprojekt som tar en bild i timmen p\u00e5 en f\u00f6rutbest\u00e4md dag. Vad kan en onsdag i november bjuda p\u00e5? Ja, h\u00e4ng med s\u00e5 f\u00e5r du se.<\/p>\n<p style=\"text-align: left;\"><img decoding=\"async\" loading=\"lazy\" class=\"alignnone size-full wp-image-3887\" src=\"https:\/\/evabm.se\/photo\/wp-content\/uploads\/2022\/11\/20221109_0456.jpg\" alt=\"Kl 04:56\" width=\"800\" height=\"450\">Kl 04:56 God morgon! Ny jobbdag. Jag kastar ett \u00f6ga ut genom k\u00f6ksf\u00f6nstret innan jag g\u00e5r till badrummet.<!--more--><\/p>\n<p style=\"text-align: left;\"><img decoding=\"async\" loading=\"lazy\" class=\"alignnone size-full wp-image-3888\" src=\"https:\/\/evabm.se\/photo\/wp-content\/uploads\/2022\/11\/20221109_0542.jpg\" alt=\"Kl 05:42\" width=\"800\" height=\"450\">Kl 05:42 Jag \u00e4r p\u00e5 v\u00e4g till bussen f\u00f6r att ta mig till jobbet.<\/p>\n<p style=\"text-align: left;\"><img decoding=\"async\" loading=\"lazy\" class=\"alignnone size-full wp-image-3888\" src=\"https:\/\/evabm.se\/photo\/wp-content\/uploads\/2022\/11\/20221109_0624.jpg\" alt=\"Kl 06:24\" width=\"800\" height=\"450\">Kl 06:24 Jag har klivit av bussen och har en sista lilla bit kvar innan jag \u00e4r inne p\u00e5 kontoret.<\/p>\n<p style=\"text-align: left;\"><em>Ny blir det uppeh\u00e5ll i fotograferandet n\u00e5gra timmar medan jag jobbar innanf\u00f6r grindarna med fotof\u00f6rbud.<\/em><\/p>\n<p style=\"text-align: left;\"><img decoding=\"async\" loading=\"lazy\" class=\"alignnone size-full wp-image-3888\" src=\"https:\/\/evabm.se\/photo\/wp-content\/uploads\/2022\/11\/20221109_1306.jpg\" alt=\"Kl 13:06\" width=\"800\" height=\"450\">Kl 13:06 Jag \u00e4r utsl\u00e4ppt och tar en lunchpromenad i omgivningarna.<\/p>\n<p style=\"text-align: left;\"><em>\u00c5 s\u00e5 jobbar vi n\u00e5gra timmar till&#8230;<\/em><\/p>\n<p style=\"text-align: left;\"><img decoding=\"async\" loading=\"lazy\" class=\"alignnone size-full wp-image-3888\" src=\"https:\/\/evabm.se\/photo\/wp-content\/uploads\/2022\/11\/20221109_1607.jpg\" alt=\"Kl 16:07\" width=\"800\" height=\"450\">Kl 16:07 Dags att ta bussen hem 4 mil i nordlig riktning.<\/p>\n<p style=\"text-align: left;\"><img decoding=\"async\" loading=\"lazy\" class=\"alignnone size-full wp-image-3888\" src=\"https:\/\/evabm.se\/photo\/wp-content\/uploads\/2022\/11\/20221109_1746.jpg\" alt=\"Kl 17:46\" width=\"800\" height=\"450\">Kl 17:46 Jag handlar innan jag g\u00e5r hem. Jag fastnar i godishyllan innan jag kommer fram till kassan. Vem kan missa och f\u00e5 med en <b>Fizzypop<\/b>.<\/p>\n<p style=\"text-align: left;\"><img decoding=\"async\" loading=\"lazy\" class=\"alignnone size-full wp-image-3888\" src=\"https:\/\/evabm.se\/photo\/wp-content\/uploads\/2022\/11\/20221109_1832.jpg\" alt=\"Kl 18:32\" width=\"800\" height=\"450\">Kl 18:32 En suddig bild p\u00e5 min n\u00e4stan upp\u00e4tna leverpastejmacka och en n\u00e4stan urdrucken kopp med choklad.<\/p>\n<p style=\"text-align: left;\"><img decoding=\"async\" loading=\"lazy\" class=\"alignnone size-full wp-image-3888\" src=\"https:\/\/evabm.se\/photo\/wp-content\/uploads\/2022\/11\/20221109_1910.jpg\" alt=\"Kl 19:10\" width=\"800\" height=\"450\">Kl 19:10 Jag f\u00e5r \u00e4ntligen tummen ur att ta hand om trattkantarellerna som vi fick med hem i s\u00f6ndags. N\u00e5gra hade tyv\u00e4rr m\u00f6glat ihop. Ja, ja. Men de som ser ok ut l\u00e4gger jag ut p\u00e5 brickor t\u00e4ckta med reklamblad s\u00e5 att trattisarna f\u00e5r torka.<\/p>\n<p style=\"text-align: left;\">Det blev allt den h\u00e4r g\u00e5ngen. P\u00e5 \u00e5terh\u00f6rande!<\/p>\n","protected":false},"excerpt":{"rendered":"<p> \tIdag \u00e4r det onsdagen den 9 november och Ett Foto I Timmen (EFIT) &#8211; ett fotoprojekt som tar en bild i timmen p\u00e5 en f\u00f6rutbest\u00e4md dag. Vad kan en onsdag i november bjuda p\u00e5? Ja, h\u00e4ng med s\u00e5 f\u00e5r du se. Kl 04:56 God morgon! Ny jobbdag. Jag kastar ett \u00f6ga ut genom k\u00f6ksf\u00f6nstret innan &#8230; <span class=\"more\"><a class=\"more-link\" href=\"https:\/\/evabm.se\/photo\/2022\/11\/09\/efit-en-onsdag-i-november\/\">[Read more&#8230;]<\/a><\/span><\/p>\n","protected":false},"author":1,"featured_media":0,"comment_status":"open","ping_status":"open","sticky":false,"template":"","format":"standard","meta":{"ngg_post_thumbnail":0},"categories":[1085],"tags":[1715,1113,254,1716,1044,954,630,1046,1149,1165,223,559,781,1745,966],"_links":{"self":[{"href":"https:\/\/evabm.se\/photo\/wp-json\/wp\/v2\/posts\/6270"}],"collection":[{"href":"https:\/\/evabm.se\/photo\/wp-json\/wp\/v2\/posts"}],"about":[{"href":"https:\/\/evabm.se\/photo\/wp-json\/wp\/v2\/types\/post"}],"author":[{"embeddable":true,"href":"https:\/\/evabm.se\/photo\/wp-json\/wp\/v2\/users\/1"}],"replies":[{"embeddable":true,"href":"https:\/\/evabm.se\/photo\/wp-json\/wp\/v2\/comments?post=6270"}],"version-history":[{"count":25,"href":"https:\/\/evabm.se\/photo\/wp-json\/wp\/v2\/posts\/6270\/revisions"}],"predecessor-version":[{"id":6295,"href":"https:\/\/evabm.se\/photo\/wp-json\/wp\/v2\/posts\/6270\/revisions\/6295"}],"wp:attachment":[{"href":"https:\/\/evabm.se\/photo\/wp-json\/wp\/v2\/media?parent=6270"}],"wp:term":[{"taxonomy":"category","embeddable":true,"href":"https:\/\/evabm.se\/photo\/wp-json\/wp\/v2\/categories?post=6270"},{"taxonomy":"post_tag","embeddable":true,"href":"https:\/\/evabm.se\/photo\/wp-json\/wp\/v2\/tags?post=6270"}],"curies":[{"name":"wp","href":"https:\/\/api.w.org\/{rel}","templated":true}]}}