{"id":6321,"date":"2022-11-19T22:42:00","date_gmt":"2022-11-19T21:42:00","guid":{"rendered":"http:\/\/evabm.se\/photo\/?p=6321"},"modified":"2022-12-14T22:44:43","modified_gmt":"2022-12-14T21:44:43","slug":"efit-dagen-da-forsta-snon-foll","status":"publish","type":"post","link":"https:\/\/evabm.se\/photo\/2022\/11\/19\/efit-dagen-da-forsta-snon-foll\/","title":{"rendered":"EFIT | Dagen d\u00e5 f\u00f6rsta sn\u00f6n f\u00f6ll"},"content":{"rendered":" \t\n<p style=\"text-align: left;\">Idag \u00e4r det l\u00f6rdagen den 19 november och <strong>Ett Foto I Timmen<\/strong> (<a href=\"http:\/\/ettfotoitimmen.se\/\" target=\"_blank\" rel=\"noopener\">EFIT<\/a>) &#8211; ett fotoprojekt som tar en bild i timmen p\u00e5 en f\u00f6rutbest\u00e4md dag. Mitten av november och jag har \u00e5kt p\u00e5 en f\u00f6rkylning som b\u00f6rjade med heshet s\u00e5 jag bara v\u00e4ste h\u00e4romdagen och sen hosta &#038; snuva. S\u00e5 jag stannar inne idag och ser om jag orkar med n\u00e5gra bestyr eller tar det lugnt. H\u00e4ng med och se!<\/p>\n<p style=\"text-align: left;\"><img decoding=\"async\" loading=\"lazy\" class=\"alignnone size-full wp-image-3887\" src=\"https:\/\/evabm.se\/photo\/wp-content\/uploads\/2022\/11\/20221119_0920.jpg\" alt=\"Kl 09:20\" width=\"800\" height=\"450\">Kl 09:20 God morgon! Eller kanske god f\u00f6rmiddag?!<!--more--><\/p>\n<p style=\"text-align: left;\"><img decoding=\"async\" loading=\"lazy\" class=\"alignnone size-full wp-image-3888\" src=\"https:\/\/evabm.se\/photo\/wp-content\/uploads\/2022\/11\/20221119_1035.jpg\" alt=\"Kl 10:35\" width=\"800\" height=\"450\">Kl 10:35 H\u00e4rlig l\u00f6rdagsfrukost med gr\u00f6t, te, juice och sm\u00f6rg\u00e5sar.<\/p>\n<p style=\"text-align: left;\"><img decoding=\"async\" loading=\"lazy\" class=\"alignnone size-full wp-image-3888\" src=\"https:\/\/evabm.se\/photo\/wp-content\/uploads\/2022\/11\/20221119_1133.jpg\" alt=\"Kl 11:33\" width=\"800\" height=\"450\">Kl 11:33 Det \u00e4r Elisabet som har namnsdag idag. S\u00e5 jag skickar ett mms till min syster som heter det som tredje namn.<\/p>\n<p style=\"text-align: left;\"><img decoding=\"async\" loading=\"lazy\" class=\"alignnone size-full wp-image-3888\" src=\"https:\/\/evabm.se\/photo\/wp-content\/uploads\/2022\/11\/20221119_1214.jpg\" alt=\"Kl 12:14\" width=\"800\" height=\"450\">Kl 12:14 Jag laddar diskmaskinen.<\/p>\n<p style=\"text-align: left;\"><img decoding=\"async\" loading=\"lazy\" class=\"alignnone size-full wp-image-3888\" src=\"https:\/\/evabm.se\/photo\/wp-content\/uploads\/2022\/11\/20221119_1337.jpg\" alt=\"Kl 13:37\" width=\"800\" height=\"450\">Kl 13:37 Jag putsar f\u00f6nstret i k\u00f6ket och ser de f\u00f6rsta sn\u00f6flingorna i skyn.<\/p>\n<p style=\"text-align: left;\"><img decoding=\"async\" loading=\"lazy\" class=\"alignnone size-full wp-image-3888\" src=\"https:\/\/evabm.se\/photo\/wp-content\/uploads\/2022\/11\/20221119_1454.jpg\" alt=\"Kl 14:54\" width=\"800\" height=\"450\">Kl 14:54 En fikastund med kaffe och glass. Det m\u00e5ste va bra f\u00f6r halsen&#8230;<\/p>\n<p style=\"text-align: left;\"><img decoding=\"async\" loading=\"lazy\" class=\"alignnone size-full wp-image-3888\" src=\"https:\/\/evabm.se\/photo\/wp-content\/uploads\/2022\/11\/20221119_1554.jpg\" alt=\"Kl 15:54\" width=\"800\" height=\"450\">Kl 15:54 Jag tar hand om mina orkid\u00e9er f\u00f6r att st\u00e4lla tillbaka i k\u00f6ksf\u00f6nstret.<\/p>\n<p style=\"text-align: left;\"><img decoding=\"async\" loading=\"lazy\" class=\"alignnone size-full wp-image-3888\" src=\"https:\/\/evabm.se\/photo\/wp-content\/uploads\/2022\/11\/20221119_1655.jpg\" alt=\"Kl 16:55\" width=\"800\" height=\"450\">Kl 16:55 \u00c4ntligen planterar jag skotten fr\u00e5n ampelliljan som st\u00e5tt i ett glas p\u00e5 k\u00f6ksb\u00e4nken v\u00e4ldigt l\u00e4nge.<\/p>\n<p style=\"text-align: left;\"><img decoding=\"async\" loading=\"lazy\" class=\"alignnone size-full wp-image-3888\" src=\"https:\/\/evabm.se\/photo\/wp-content\/uploads\/2022\/11\/20221119_1710.jpg\" alt=\"Kl 17:10\" width=\"800\" height=\"450\">Kl 17:10 Jag v\u00e5ttorkar k\u00f6ksgolvet.<\/p>\n<p style=\"text-align: left;\"><img decoding=\"async\" loading=\"lazy\" class=\"alignnone size-full wp-image-3888\" src=\"https:\/\/evabm.se\/photo\/wp-content\/uploads\/2022\/11\/20221119_1849.jpg\" alt=\"Kl 18:49\" width=\"800\" height=\"450\">Kl 18:49 Jag steker kycklingfil\u00e9er till dagens middag.<\/p>\n<p style=\"text-align: left;\"><img decoding=\"async\" loading=\"lazy\" class=\"alignnone size-full wp-image-3888\" src=\"https:\/\/evabm.se\/photo\/wp-content\/uploads\/2022\/11\/20221119_1955.jpg\" alt=\"Kl 19:55\" width=\"800\" height=\"450\">Kl 19:55 Njuter av kv\u00e4llens middag.<\/p>\n<p style=\"text-align: left;\"><img decoding=\"async\" loading=\"lazy\" class=\"alignnone size-full wp-image-3888\" src=\"https:\/\/evabm.se\/photo\/wp-content\/uploads\/2022\/11\/20221119_2038.jpg\" alt=\"Kl 20:38\" width=\"800\" height=\"450\">Kl 20:38 Jag tittar p\u00e5 kv\u00e4llens avsnitt av &#8221;S\u00e5 mycket b\u00e4ttre&#8221;.<\/p>\n<p style=\"text-align: left;\"><img decoding=\"async\" loading=\"lazy\" class=\"alignnone size-full wp-image-3888\" src=\"https:\/\/evabm.se\/photo\/wp-content\/uploads\/2022\/11\/20221119_2124.jpg\" alt=\"Kl 21:24\" width=\"800\" height=\"450\">Kl 21:24 Jag tittar ut och ser att det hunnit komma en hel del sn\u00f6.<\/p>\n<p style=\"text-align: left;\"><img decoding=\"async\" loading=\"lazy\" class=\"alignnone size-full wp-image-3888\" src=\"https:\/\/evabm.se\/photo\/wp-content\/uploads\/2022\/11\/20221119_2211.jpg\" alt=\"Kl 22:11\" width=\"800\" height=\"450\">Kl 22:11 Avslutar kv\u00e4llen med att fixa med bilder.<\/p>\n","protected":false},"excerpt":{"rendered":"<p> \tIdag \u00e4r det l\u00f6rdagen den 19 november och Ett Foto I Timmen (EFIT) &#8211; ett fotoprojekt som tar en bild i timmen p\u00e5 en f\u00f6rutbest\u00e4md dag. Mitten av november och jag har \u00e5kt p\u00e5 en f\u00f6rkylning som b\u00f6rjade med heshet s\u00e5 jag bara v\u00e4ste h\u00e4romdagen och sen hosta &#038; snuva. S\u00e5 jag stannar inne idag &#8230; <span class=\"more\"><a class=\"more-link\" href=\"https:\/\/evabm.se\/photo\/2022\/11\/19\/efit-dagen-da-forsta-snon-foll\/\">[Read more&#8230;]<\/a><\/span><\/p>\n","protected":false},"author":1,"featured_media":0,"comment_status":"open","ping_status":"open","sticky":false,"template":"","format":"standard","meta":{"ngg_post_thumbnail":0},"categories":[1085],"tags":[1746,1147,946,1747,1257,948,1761,388,954,763,467,151,1765,938,468,1764,987],"_links":{"self":[{"href":"https:\/\/evabm.se\/photo\/wp-json\/wp\/v2\/posts\/6321"}],"collection":[{"href":"https:\/\/evabm.se\/photo\/wp-json\/wp\/v2\/posts"}],"about":[{"href":"https:\/\/evabm.se\/photo\/wp-json\/wp\/v2\/types\/post"}],"author":[{"embeddable":true,"href":"https:\/\/evabm.se\/photo\/wp-json\/wp\/v2\/users\/1"}],"replies":[{"embeddable":true,"href":"https:\/\/evabm.se\/photo\/wp-json\/wp\/v2\/comments?post=6321"}],"version-history":[{"count":31,"href":"https:\/\/evabm.se\/photo\/wp-json\/wp\/v2\/posts\/6321\/revisions"}],"predecessor-version":[{"id":6353,"href":"https:\/\/evabm.se\/photo\/wp-json\/wp\/v2\/posts\/6321\/revisions\/6353"}],"wp:attachment":[{"href":"https:\/\/evabm.se\/photo\/wp-json\/wp\/v2\/media?parent=6321"}],"wp:term":[{"taxonomy":"category","embeddable":true,"href":"https:\/\/evabm.se\/photo\/wp-json\/wp\/v2\/categories?post=6321"},{"taxonomy":"post_tag","embeddable":true,"href":"https:\/\/evabm.se\/photo\/wp-json\/wp\/v2\/tags?post=6321"}],"curies":[{"name":"wp","href":"https:\/\/api.w.org\/{rel}","templated":true}]}}