{"id":7030,"date":"2023-05-23T23:32:06","date_gmt":"2023-05-23T21:32:06","guid":{"rendered":"https:\/\/evabm.se\/photo\/?p=7030"},"modified":"2023-05-23T23:32:06","modified_gmt":"2023-05-23T21:32:06","slug":"efit-hipp-hipp-hurra","status":"publish","type":"post","link":"https:\/\/evabm.se\/photo\/2023\/05\/23\/efit-hipp-hipp-hurra\/","title":{"rendered":"EFIT | Hipp hipp hurra!"},"content":{"rendered":" \t\n<p style=\"text-align: left;\">Idag \u00e4r det tisdagen den 23 maj och <strong>Ett Foto I Timmen<\/strong> (<a href=\"http:\/\/ettfotoitimmen.se\/\" target=\"_blank\" rel=\"noopener\">EFIT<\/a>) &#8211; ett fotoprojekt som tar en bild i timmen p\u00e5 en f\u00f6rutbest\u00e4md dag. Det \u00e4r vanlig arbetardag, men ocks\u00e5 en dag med livskvalitet och lite extra firande. Nyfiken?<\/p>\n<p><img decoding=\"async\" loading=\"lazy\" width=\"800\" height=\"450\" src=\"https:\/\/evabm.se\/photo\/wp-content\/uploads\/2023\/05\/20230523_0546.jpg\" alt=\"Kl 05:46\">Kl 05:46 God morgon med den skira gr\u00f6nskan utanf\u00f6r f\u00f6nstret!<!--more--><\/p>\n<p><img decoding=\"async\" loading=\"lazy\" width=\"800\" height=\"450\" src=\"https:\/\/evabm.se\/photo\/wp-content\/uploads\/2023\/05\/20230523_0655.jpg\" alt=\"Kl 06:55\">Kl 06:55 Dags att starta arbetsdagen.<\/p>\n<p><img decoding=\"async\" loading=\"lazy\" width=\"800\" height=\"450\" src=\"https:\/\/evabm.se\/photo\/wp-content\/uploads\/2023\/05\/20230523_0759.jpg\" alt=\"Kl 07:59\">Kl 07:59 Jag har precis avslutat ett skypesamtal med en kollega och dags att koppla upp sig p\u00e5 v\u00e5r dagliga styrning i teamet.<\/p>\n<p><img decoding=\"async\" loading=\"lazy\" width=\"800\" height=\"450\" src=\"https:\/\/evabm.se\/photo\/wp-content\/uploads\/2023\/05\/20230523_0825.jpg\" alt=\"Kl 08:25\">Kl 08:25 F\u00f6nstret snett bakom min rygg och vi har precis avslutat v\u00e5r pausgympa.<\/p>\n<p><img decoding=\"async\" loading=\"lazy\" width=\"800\" height=\"450\" src=\"https:\/\/evabm.se\/photo\/wp-content\/uploads\/2023\/05\/20230523_0938.jpg\" alt=\"Kl 09:38\">Kl 09:38 Dagens frukost!!!<\/p>\n<p><img decoding=\"async\" loading=\"lazy\" width=\"800\" height=\"450\" src=\"https:\/\/evabm.se\/photo\/wp-content\/uploads\/2023\/05\/20230523_1012.jpg\" alt=\"Kl 10:12\">Kl 10:12 Jag sitter med en Excelfil d\u00e4r jag har dokumenterat alla texter i v\u00e5rt nya best\u00e4llningsformul\u00e4r. Nu ska jag kontrollera de rader jag inte hunnit med tidigare mot testmilj\u00f6n d\u00e4r formul\u00e4ret ligger tillg\u00e4ngligt. S\u00e5 det h\u00e4r \u00e4r min syssla p\u00e5 f\u00f6rmiddan.<\/p>\n<p><img decoding=\"async\" loading=\"lazy\" width=\"800\" height=\"450\" src=\"https:\/\/evabm.se\/photo\/wp-content\/uploads\/2023\/05\/20230523_1123.jpg\" alt=\"Kl 11:23\">Kl 11:23 Mina kontroller p\u00e5g\u00e5r f\u00f6r fullt&#8230;<\/p>\n<p><img decoding=\"async\" loading=\"lazy\" width=\"800\" height=\"450\" src=\"https:\/\/evabm.se\/photo\/wp-content\/uploads\/2023\/05\/20230523_1236.jpg\" alt=\"Kl 12:36\">Kl 12:36 P\u00e5 min lunch sticker jag iv\u00e4g till blomsteraff\u00e4ren en bit bort. Sambon ska firas d\u00e5 han fyller \u00e5r idag. S\u00e5 det blir en bukett r\u00f6da rosor.<\/p>\n<p><img decoding=\"async\" loading=\"lazy\" width=\"800\" height=\"450\" src=\"https:\/\/evabm.se\/photo\/wp-content\/uploads\/2023\/05\/20230523_1322.jpg\" alt=\"Kl 13:22\">Kl 13:22 Efter lunchen hann jag bara checka mina mail tills det var dags att flexa lite. S\u00e5 jag \u00e4r p\u00e5 v\u00e4g f\u00f6r att f\u00e5 lite extra livskvalitet. H\u00e4r passerar jag Gustav Adolfsplan som ligger vid korsningen mellan S\u00f6dra Promenaden och \u00d6stra Promenaden (som ligger d\u00e4rframme till v\u00e4nster i bild).<\/p>\n<p><img decoding=\"async\" loading=\"lazy\" width=\"800\" height=\"450\" src=\"https:\/\/evabm.se\/photo\/wp-content\/uploads\/2023\/05\/20230523_1414.jpg\" alt=\"Kl 14:14\">Kl 14:14 Nu \u00e4r jag avslappnad efter 45 minuters klassisk massage. Det gjorde gott!<\/p>\n<p><img decoding=\"async\" loading=\"lazy\" width=\"800\" height=\"450\" src=\"https:\/\/evabm.se\/photo\/wp-content\/uploads\/2023\/05\/20230523_1508.jpg\" alt=\"Kl 15:08\">Kl 15:08 Tillbaka och forts\u00e4tter mina kontroller fr\u00e5n f\u00f6rmiddan. Tar dock en snabbfika vid datorn.<\/p>\n<p><img decoding=\"async\" loading=\"lazy\" width=\"800\" height=\"450\" src=\"https:\/\/evabm.se\/photo\/wp-content\/uploads\/2023\/05\/20230523_1643.jpg\" alt=\"Kl 16:43\">Kl 16:43 Arbetsdagen \u00e4r avslutad och sambon har hunnit att komma hem. Kuvertet ligger redo f\u00f6r att \u00f6verl\u00e4mnas. T\u00e4nk att det blir sv\u00e5rare f\u00f6r varje \u00e5r vad man ska hitta p\u00e5. Man har ju allt. Kortet fixade jag i blomsteraff\u00e4ren och sen fick jag kn\u00e5pa ihop vilken upplevelse det blir det h\u00e4r \u00e5ret. Kan avsl\u00f6ja redan h\u00e4r att n\u00e5gon sorts dryckesprovning ska vi f\u00f6rs\u00f6ka hitta och boka in oss p\u00e5. S\u00e5 hipp hipp hurra f\u00f6r f\u00f6delsedagsbarnet!<\/p>\n<p><img decoding=\"async\" loading=\"lazy\" width=\"800\" height=\"450\" src=\"https:\/\/evabm.se\/photo\/wp-content\/uploads\/2023\/05\/20230523_1743.jpg\" alt=\"Kl 17:43\">Kl 17:43 Redan ikv\u00e4ll bjuds sambon p\u00e5 en smakupplevelse p\u00e5 \u00d6lstugan Gull-Olle h\u00e4r i stan. Vi v\u00e4ljer b\u00e5da deras j\u00e4garschnitzel. Det var ingen d\u00e5lig storlek p\u00e5 portionen och dessutom supergott!<\/p>\n<p><img decoding=\"async\" loading=\"lazy\" width=\"800\" height=\"450\" src=\"https:\/\/evabm.se\/photo\/wp-content\/uploads\/2023\/05\/20230523_1819.jpg\" alt=\"Kl 18:19\">Kl 18:19 Vi avslutar bes\u00f6ket med varsin kaffe och en sorbetkula glass med limesmak. S\u00e5 god!<\/p>\n<p><img decoding=\"async\" loading=\"lazy\" width=\"800\" height=\"450\" src=\"https:\/\/evabm.se\/photo\/wp-content\/uploads\/2023\/05\/20230523_1900.jpg\" alt=\"Kl 19:00\">Kl 19:00 P\u00e5 v\u00e4gen hem passerar vi Hospitalsgatan med de vackra blomdekorationerna.<\/p>\n<p><img decoding=\"async\" loading=\"lazy\" width=\"800\" height=\"450\" src=\"https:\/\/evabm.se\/photo\/wp-content\/uploads\/2023\/05\/20230523_2035.jpg\" alt=\"Kl 20:35\">Kl 20:35 Imorgon blir det in till kontoret s\u00e5 jag fixar i ordning frukostmackorna som ska med plus medicinen.<\/p>\n<p>Nu \u00e5terst\u00e5r att fixa med bilderna. P\u00e5 \u00e5terh\u00f6rande i juni!<\/p>\n","protected":false},"excerpt":{"rendered":"<p> \tIdag \u00e4r det tisdagen den 23 maj och Ett Foto I Timmen (EFIT) &#8211; ett fotoprojekt som tar en bild i timmen p\u00e5 en f\u00f6rutbest\u00e4md dag. Det \u00e4r vanlig arbetardag, men ocks\u00e5 en dag med livskvalitet och lite extra firande. Nyfiken? Kl 05:46 God morgon med den skira gr\u00f6nskan utanf\u00f6r f\u00f6nstret!<\/p>\n","protected":false},"author":1,"featured_media":0,"comment_status":"open","ping_status":"open","sticky":false,"template":"","format":"standard","meta":{"ngg_post_thumbnail":0},"categories":[1876],"tags":[1467,787,1348,1971,1969,1880,446,134,388,65,1399,1414,1970,1972,1975,568,1461,1976,685,427,766,598,933,1974,1973],"_links":{"self":[{"href":"https:\/\/evabm.se\/photo\/wp-json\/wp\/v2\/posts\/7030"}],"collection":[{"href":"https:\/\/evabm.se\/photo\/wp-json\/wp\/v2\/posts"}],"about":[{"href":"https:\/\/evabm.se\/photo\/wp-json\/wp\/v2\/types\/post"}],"author":[{"embeddable":true,"href":"https:\/\/evabm.se\/photo\/wp-json\/wp\/v2\/users\/1"}],"replies":[{"embeddable":true,"href":"https:\/\/evabm.se\/photo\/wp-json\/wp\/v2\/comments?post=7030"}],"version-history":[{"count":29,"href":"https:\/\/evabm.se\/photo\/wp-json\/wp\/v2\/posts\/7030\/revisions"}],"predecessor-version":[{"id":7059,"href":"https:\/\/evabm.se\/photo\/wp-json\/wp\/v2\/posts\/7030\/revisions\/7059"}],"wp:attachment":[{"href":"https:\/\/evabm.se\/photo\/wp-json\/wp\/v2\/media?parent=7030"}],"wp:term":[{"taxonomy":"category","embeddable":true,"href":"https:\/\/evabm.se\/photo\/wp-json\/wp\/v2\/categories?post=7030"},{"taxonomy":"post_tag","embeddable":true,"href":"https:\/\/evabm.se\/photo\/wp-json\/wp\/v2\/tags?post=7030"}],"curies":[{"name":"wp","href":"https:\/\/api.w.org\/{rel}","templated":true}]}}