{"id":135,"count":4,"description":"","link":"https:\/\/evabm.se\/photo\/tag\/tema-sa-har-ser-det-ut-dar-jag-ar\/","name":"Tema S\u00e5 h\u00e4r ser det ut d\u00e4r jag \u00e4r","slug":"tema-sa-har-ser-det-ut-dar-jag-ar","taxonomy":"post_tag","meta":[],"_links":{"self":[{"href":"https:\/\/evabm.se\/photo\/wp-json\/wp\/v2\/tags\/135"}],"collection":[{"href":"https:\/\/evabm.se\/photo\/wp-json\/wp\/v2\/tags"}],"about":[{"href":"https:\/\/evabm.se\/photo\/wp-json\/wp\/v2\/taxonomies\/post_tag"}],"wp:post_type":[{"href":"https:\/\/evabm.se\/photo\/wp-json\/wp\/v2\/posts?tags=135"}],"curies":[{"name":"wp","href":"https:\/\/api.w.org\/{rel}","templated":true}]}}